{"id":101092,"date":"2025-08-12T21:48:01","date_gmt":"2025-08-12T21:48:01","guid":{"rendered":"https:\/\/bibliostaged.wpengine.com\/?p=101092"},"modified":"2025-08-12T22:07:19","modified_gmt":"2025-08-12T22:07:19","slug":"bibliotheca-reunion-oducal-2025","status":"publish","type":"post","link":"https:\/\/www.bibliotheca.com\/es-la\/bibliotheca-reunion-oducal-2025\/","title":{"rendered":"Bibliotecas transformadoras para la educaci\u00f3n del futuro: nuestra participaci\u00f3n en la VI Reuni\u00f3n ODUCAL"},"content":{"rendered":"\t\t<div data-elementor-type=\"wp-post\" data-elementor-id=\"101092\" class=\"elementor elementor-101092\" data-elementor-post-type=\"post\">\n\t\t\t\t\t\t<section class=\"elementor-section elementor-top-section elementor-element elementor-element-7e4237c8 elementor-section-full_width elementor-section-height-default elementor-section-height-default\" data-id=\"7e4237c8\" data-element_type=\"section\" data-e-type=\"section\" data-settings=\"{&quot;jet_parallax_layout_list&quot;:[{&quot;jet_parallax_layout_image&quot;:{&quot;url&quot;:&quot;&quot;,&quot;id&quot;:&quot;&quot;,&quot;size&quot;:&quot;&quot;},&quot;_id&quot;:&quot;e10cdb8&quot;,&quot;jet_parallax_layout_image_tablet&quot;:{&quot;url&quot;:&quot;&quot;,&quot;id&quot;:&quot;&quot;,&quot;size&quot;:&quot;&quot;},&quot;jet_parallax_layout_image_mobile&quot;:{&quot;url&quot;:&quot;&quot;,&quot;id&quot;:&quot;&quot;,&quot;size&quot;:&quot;&quot;},&quot;jet_parallax_layout_speed&quot;:{&quot;unit&quot;:&quot;%&quot;,&quot;size&quot;:50,&quot;sizes&quot;:[]},&quot;jet_parallax_layout_type&quot;:&quot;scroll&quot;,&quot;jet_parallax_layout_direction&quot;:&quot;1&quot;,&quot;jet_parallax_layout_fx_direction&quot;:null,&quot;jet_parallax_layout_z_index&quot;:&quot;&quot;,&quot;jet_parallax_layout_bg_x&quot;:50,&quot;jet_parallax_layout_bg_x_tablet&quot;:&quot;&quot;,&quot;jet_parallax_layout_bg_x_mobile&quot;:&quot;&quot;,&quot;jet_parallax_layout_bg_y&quot;:50,&quot;jet_parallax_layout_bg_y_tablet&quot;:&quot;&quot;,&quot;jet_parallax_layout_bg_y_mobile&quot;:&quot;&quot;,&quot;jet_parallax_layout_bg_size&quot;:&quot;auto&quot;,&quot;jet_parallax_layout_bg_size_tablet&quot;:&quot;&quot;,&quot;jet_parallax_layout_bg_size_mobile&quot;:&quot;&quot;,&quot;jet_parallax_layout_animation_prop&quot;:&quot;transform&quot;,&quot;jet_parallax_layout_on&quot;:[&quot;desktop&quot;,&quot;tablet&quot;]}]}\">\n\t\t\t\t\t\t<div class=\"elementor-container elementor-column-gap-no\">\n\t\t\t\t\t<div class=\"elementor-column elementor-col-100 elementor-top-column elementor-element elementor-element-57cbe4\" data-id=\"57cbe4\" data-element_type=\"column\" data-e-type=\"column\">\n\t\t\t<div class=\"elementor-widget-wrap elementor-element-populated\">\n\t\t\t\t\t\t<div class=\"elementor-element elementor-element-49f7b30c hero hero-post hero-sub hero-content-dark hero-product elementor-cta--layout-image-left elementor-cta--mobile-layout-image-above elementor-cta--skin-classic elementor-animated-content elementor-widget elementor-widget-call-to-action\" data-id=\"49f7b30c\" data-element_type=\"widget\" data-e-type=\"widget\" data-widget_type=\"call-to-action.default\">\n\t\t\t\t<div class=\"elementor-widget-container\">\n\t\t\t\t\t\t\t<div class=\"elementor-cta\">\n\t\t\t\t\t<div class=\"elementor-cta__bg-wrapper\">\n\t\t\t\t<div class=\"elementor-cta__bg elementor-bg\" style=\"background-image: url(https:\/\/www.bibliotheca.com\/wp-content\/uploads\/WhatsApp-Image-2025-08-05-at-8.47.57-AM-1.jpeg);\" role=\"img\" aria-label=\"Encuentro entre equipos regionales y representantes de bibliotecas de la red ODUCAL.\"><\/div>\n\t\t\t\t<div class=\"elementor-cta__bg-overlay\"><\/div>\n\t\t\t<\/div>\n\t\t\t\t\t\t\t<div class=\"elementor-cta__content\">\n\t\t\t\t\n\t\t\t\t\t\t\t\t\t<div class=\"elementor-cta__title elementor-cta__content-item elementor-content-item\">\n\t\t\t\t\t\t<a href=\"https:\/\/www.bibliotheca.com\/es-la\/category\/blog\/\" rel=\"tag\">Blog<\/a><a href=\"https:\/\/www.bibliotheca.com\/es-la\/category\/blog\/events\/\" rel=\"tag\">Eventos de Bibliotecas<\/a>\t\t\t\t\t<\/div>\n\t\t\t\t\n\t\t\t\t\t\t\t\t\t<div class=\"elementor-cta__description elementor-cta__content-item elementor-content-item\">\n\t\t\t\t\t\tBibliotecas transformadoras para la educaci\u00f3n del futuro: nuestra participaci\u00f3n en la VI Reuni\u00f3n ODUCAL\t\t\t\t\t<\/div>\n\t\t\t\t\n\t\t\t\t\t\t\t<\/div>\n\t\t\t\t\t\t<\/div>\n\t\t\t\t\t\t<\/div>\n\t\t\t\t<\/div>\n\t\t\t\t\t<\/div>\n\t\t<\/div>\n\t\t\t\t\t<\/div>\n\t\t<\/section>\n\t\t\t\t<section class=\"elementor-section elementor-top-section elementor-element elementor-element-6b995dc9 elementor-section-full_width content-video-contained bb-1 elementor-section-height-default elementor-section-height-default\" data-id=\"6b995dc9\" data-element_type=\"section\" data-e-type=\"section\" data-settings=\"{&quot;jet_parallax_layout_list&quot;:[{&quot;jet_parallax_layout_image&quot;:{&quot;url&quot;:&quot;&quot;,&quot;id&quot;:&quot;&quot;,&quot;size&quot;:&quot;&quot;},&quot;_id&quot;:&quot;023c89a&quot;,&quot;jet_parallax_layout_image_tablet&quot;:{&quot;url&quot;:&quot;&quot;,&quot;id&quot;:&quot;&quot;,&quot;size&quot;:&quot;&quot;},&quot;jet_parallax_layout_image_mobile&quot;:{&quot;url&quot;:&quot;&quot;,&quot;id&quot;:&quot;&quot;,&quot;size&quot;:&quot;&quot;},&quot;jet_parallax_layout_speed&quot;:{&quot;unit&quot;:&quot;%&quot;,&quot;size&quot;:50,&quot;sizes&quot;:[]},&quot;jet_parallax_layout_type&quot;:&quot;scroll&quot;,&quot;jet_parallax_layout_direction&quot;:&quot;1&quot;,&quot;jet_parallax_layout_fx_direction&quot;:null,&quot;jet_parallax_layout_z_index&quot;:&quot;&quot;,&quot;jet_parallax_layout_bg_x&quot;:50,&quot;jet_parallax_layout_bg_x_tablet&quot;:&quot;&quot;,&quot;jet_parallax_layout_bg_x_mobile&quot;:&quot;&quot;,&quot;jet_parallax_layout_bg_y&quot;:50,&quot;jet_parallax_layout_bg_y_tablet&quot;:&quot;&quot;,&quot;jet_parallax_layout_bg_y_mobile&quot;:&quot;&quot;,&quot;jet_parallax_layout_bg_size&quot;:&quot;auto&quot;,&quot;jet_parallax_layout_bg_size_tablet&quot;:&quot;&quot;,&quot;jet_parallax_layout_bg_size_mobile&quot;:&quot;&quot;,&quot;jet_parallax_layout_animation_prop&quot;:&quot;transform&quot;,&quot;jet_parallax_layout_on&quot;:[&quot;desktop&quot;,&quot;tablet&quot;]}]}\">\n\t\t\t\t\t\t<div class=\"elementor-container elementor-column-gap-no\">\n\t\t\t\t\t<div class=\"elementor-column elementor-col-100 elementor-top-column elementor-element elementor-element-43059e21 column-narrow\" data-id=\"43059e21\" data-element_type=\"column\" data-e-type=\"column\">\n\t\t\t<div class=\"elementor-widget-wrap elementor-element-populated\">\n\t\t\t\t\t\t<div class=\"elementor-element elementor-element-41bb9b7d elementor-widget elementor-widget-text-editor\" data-id=\"41bb9b7d\" data-element_type=\"widget\" data-e-type=\"widget\" data-widget_type=\"text-editor.default\">\n\t\t\t\t<div class=\"elementor-widget-container\">\n\t\t\t\t\t\t\t\t\t<p data-start=\"394\" data-end=\"879\">Entre el 30 de julio y el 2 de agosto de 2025, Bibliotheca tuvo el honor de participar en la VI Reuni\u00f3n de la Red de Bibliotecas de la Organizaci\u00f3n de Universidades Cat\u00f3licas de Am\u00e9rica Latina y el Caribe, <a href=\"https:\/\/oducal.com\/\" target=\"_blank\" rel=\"noopener\">ODUCAL<\/a>, realizada en Bogot\u00e1, Colombia. Este importante encuentro reuni\u00f3 a m\u00e1s de 50 directores y responsables de bibliotecas universitarias de toda la regi\u00f3n para reflexionar sobre el papel de las bibliotecas en el Pacto Educativo Global propuesto por el Papa Francisco.<\/p><p data-start=\"881\" data-end=\"1200\">Nuestra participaci\u00f3n, junto con <a href=\"https:\/\/sagingenieria.com\/\" target=\"_blank\" rel=\"noopener\">SAG Ingenier\u00eda,<\/a> nuestro partner oficial en Colombia, y con la visita de nuestro partner en M\u00e9xico, <a href=\"https:\/\/www.iciweb.com.mx\/\" target=\"_blank\" rel=\"noopener\">Grupo ICI<\/a>, nos permiti\u00f3 acercarnos de manera m\u00e1s directa a las universidades cat\u00f3licas de Am\u00e9rica Latina y escuchar de primera mano sus desaf\u00edos, prioridades y visiones de futuro.<\/p>\t\t\t\t\t\t\t\t<\/div>\n\t\t\t\t<\/div>\n\t\t\t\t<div class=\"elementor-element elementor-element-5bd0495 elementor-widget elementor-widget-image\" data-id=\"5bd0495\" data-element_type=\"widget\" data-e-type=\"widget\" data-widget_type=\"image.default\">\n\t\t\t\t<div class=\"elementor-widget-container\">\n\t\t\t\t\t\t\t\t\t\t\t\t\t\t\t<img fetchpriority=\"high\" decoding=\"async\" width=\"800\" height=\"861\" src=\"https:\/\/www.bibliotheca.com\/wp-content\/uploads\/Encuentro-ODUCAL-Colombia-e1754521412423-952x1024.jpeg\" class=\"attachment-large size-large wp-image-101110\" alt=\"Vista general del evento ODUCAL con asistentes recorriendo los stands y espacios de networking.\" srcset=\"https:\/\/www.bibliotheca.com\/wp-content\/uploads\/Encuentro-ODUCAL-Colombia-e1754521412423-952x1024.jpeg 952w, https:\/\/www.bibliotheca.com\/wp-content\/uploads\/Encuentro-ODUCAL-Colombia-e1754521412423-279x300.jpeg 279w, https:\/\/www.bibliotheca.com\/wp-content\/uploads\/Encuentro-ODUCAL-Colombia-e1754521412423-768x826.jpeg 768w, https:\/\/www.bibliotheca.com\/wp-content\/uploads\/Encuentro-ODUCAL-Colombia-e1754521412423.jpeg 1187w\" sizes=\"(max-width: 800px) 100vw, 800px\" title=\"\">\t\t\t\t\t\t\t\t\t\t\t\t\t\t\t<\/div>\n\t\t\t\t<\/div>\n\t\t\t\t<div class=\"elementor-element elementor-element-708bb716 elementor-widget elementor-widget-heading\" data-id=\"708bb716\" data-element_type=\"widget\" data-e-type=\"widget\" data-widget_type=\"heading.default\">\n\t\t\t\t<div class=\"elementor-widget-container\">\n\t\t\t\t\t<h3 class=\"elementor-heading-title elementor-size-default\">Una mirada regional al futuro de las bibliotecas universitarias<\/h3>\t\t\t\t<\/div>\n\t\t\t\t<\/div>\n\t\t\t\t<div class=\"elementor-element elementor-element-5eafd1cd elementor-widget-divider--view-line elementor-invisible elementor-widget elementor-widget-divider\" data-id=\"5eafd1cd\" data-element_type=\"widget\" data-e-type=\"widget\" data-settings=\"{&quot;_animation&quot;:&quot;fadeInDown&quot;}\" data-widget_type=\"divider.default\">\n\t\t\t\t<div class=\"elementor-widget-container\">\n\t\t\t\t\t\t\t<div class=\"elementor-divider\">\n\t\t\t<span class=\"elementor-divider-separator\">\n\t\t\t\t\t\t<\/span>\n\t\t<\/div>\n\t\t\t\t\t\t<\/div>\n\t\t\t\t<\/div>\n\t\t\t\t<div class=\"elementor-element elementor-element-3dfd3955 elementor-widget elementor-widget-text-editor\" data-id=\"3dfd3955\" data-element_type=\"widget\" data-e-type=\"widget\" data-widget_type=\"text-editor.default\">\n\t\t\t\t<div class=\"elementor-widget-container\">\n\t\t\t\t\t\t\t\t\t<p data-start=\"1276\" data-end=\"1701\">El evento, organizado por el Consejo Episcopal Latinoamericano y Caribe\u00f1o, <a href=\"http:\/\/celam.org\/\" target=\"_blank\" rel=\"noopener\">CELAM<\/a>, en su sede de Bogot\u00e1, ODUCAL y la Pontificia Universidad Javeriana, fue mucho m\u00e1s que una reuni\u00f3n institucional. Durante cuatro d\u00edas, las bibliotecas de universidades cat\u00f3licas compartieron experiencias, buenas pr\u00e1cticas y reflexiones en torno a c\u00f3mo sus espacios, servicios y colecciones pueden ser motores de transformaci\u00f3n social, di\u00e1logo intercultural y desarrollo humano integral.<\/p><p data-start=\"1703\" data-end=\"2182\">Con el lema <em data-start=\"1715\" data-end=\"1756\">\u201cBibliotecas humanas y transformadoras\u201d<\/em>, los talleres de trabajo propiciaron conversaciones profundas sobre c\u00f3mo las bibliotecas universitarias deben adaptarse a los retos del presente, sin perder su vocaci\u00f3n de servicio al conocimiento, la verdad y la justicia social. En este contexto, la tecnolog\u00eda no es solo una herramienta operativa, sino un aliado estrat\u00e9gico para potenciar el acceso equitativo a la informaci\u00f3n y enriquecer las experiencias de aprendizaje.<\/p>\t\t\t\t\t\t\t\t<\/div>\n\t\t\t\t<\/div>\n\t\t\t\t<div class=\"elementor-element elementor-element-274c2a87 elementor-widget elementor-widget-image\" data-id=\"274c2a87\" data-element_type=\"widget\" data-e-type=\"widget\" data-widget_type=\"image.default\">\n\t\t\t\t<div class=\"elementor-widget-container\">\n\t\t\t\t\t\t\t\t\t\t\t\t\t\t\t<img decoding=\"async\" width=\"800\" height=\"533\" src=\"https:\/\/www.bibliotheca.com\/wp-content\/uploads\/Celam-Oducal-1.jpg\" class=\"attachment-large size-large wp-image-101140\" alt=\"La colaboraci\u00f3n regional se reflej\u00f3 en cada interacci\u00f3n durante el evento.\" srcset=\"https:\/\/www.bibliotheca.com\/wp-content\/uploads\/Celam-Oducal-1.jpg 850w, https:\/\/www.bibliotheca.com\/wp-content\/uploads\/Celam-Oducal-1-300x200.jpg 300w, https:\/\/www.bibliotheca.com\/wp-content\/uploads\/Celam-Oducal-1-768x511.jpg 768w\" sizes=\"(max-width: 800px) 100vw, 800px\" title=\"\">\t\t\t\t\t\t\t\t\t\t\t\t\t\t\t<\/div>\n\t\t\t\t<\/div>\n\t\t\t\t<div class=\"elementor-element elementor-element-6760471f elementor-widget elementor-widget-heading\" data-id=\"6760471f\" data-element_type=\"widget\" data-e-type=\"widget\" data-widget_type=\"heading.default\">\n\t\t\t\t<div class=\"elementor-widget-container\">\n\t\t\t\t\t<h3 class=\"elementor-heading-title elementor-size-default\">Presencia activa de Bibliotheca en el encuentro<\/h3>\t\t\t\t<\/div>\n\t\t\t\t<\/div>\n\t\t\t\t<div class=\"elementor-element elementor-element-acc32c1 elementor-widget-divider--view-line elementor-invisible elementor-widget elementor-widget-divider\" data-id=\"acc32c1\" data-element_type=\"widget\" data-e-type=\"widget\" data-settings=\"{&quot;_animation&quot;:&quot;fadeInDown&quot;}\" data-widget_type=\"divider.default\">\n\t\t\t\t<div class=\"elementor-widget-container\">\n\t\t\t\t\t\t\t<div class=\"elementor-divider\">\n\t\t\t<span class=\"elementor-divider-separator\">\n\t\t\t\t\t\t<\/span>\n\t\t<\/div>\n\t\t\t\t\t\t<\/div>\n\t\t\t\t<\/div>\n\t\t\t\t<div class=\"elementor-element elementor-element-237c1447 elementor-widget elementor-widget-text-editor\" data-id=\"237c1447\" data-element_type=\"widget\" data-e-type=\"widget\" data-widget_type=\"text-editor.default\">\n\t\t\t\t<div class=\"elementor-widget-container\">\n\t\t\t\t\t\t\t\t\t<p data-start=\"2242\" data-end=\"2607\">Una de las particularidades que hicieron de este evento algo tan valioso fue la inclusi\u00f3n de los <em>sponsors<\/em> en las din\u00e1micas de trabajo con los asistentes. Desde Bibliotheca, valoramos profundamente este tipo de espacios colaborativos, donde no solo presentamos soluciones, sino que tambi\u00e9n escuchamos activamente y construimos junto con las instituciones.<\/p><p data-start=\"2609\" data-end=\"2801\">Durante la reuni\u00f3n, compartimos nuestra visi\u00f3n de c\u00f3mo la tecnolog\u00eda puede apoyar los procesos de transformaci\u00f3n que viven las bibliotecas universitarias, especialmente en aspectos clave como:<\/p><ul data-start=\"2803\" data-end=\"3089\"><li data-start=\"2803\" data-end=\"2901\"><p data-start=\"2805\" data-end=\"2901\">La mejora de la experiencia de los usuarios a trav\u00e9s de <a href=\"https:\/\/www.bibliotheca.com\/es-la\/soluciones\/prestamo-autoservicio\/\" target=\"_blank\" rel=\"noopener\">soluciones de autoservicio<\/a> intuitivas.<\/p><\/li><li data-start=\"2902\" data-end=\"2997\"><p data-start=\"2904\" data-end=\"2997\">La optimizaci\u00f3n de operaciones como el pr\u00e9stamo y la devoluci\u00f3n con sistemas automatizados.<\/p><\/li><li data-start=\"2998\" data-end=\"3089\"><p data-start=\"3000\" data-end=\"3089\">El uso de<a href=\"https:\/\/www.bibliotheca.com\/es-la\/bibliotheca-y-hublet-amplian-su-alcance-global-a-112-paises\/\" target=\"_blank\" rel=\"noopener\"> herramientas digitales<\/a> para extender los servicios m\u00e1s all\u00e1 del espacio f\u00edsico.<\/p><\/li><\/ul><p data-start=\"3091\" data-end=\"3298\">Gracias al acompa\u00f1amiento de nuestros partners SAG Ingenier\u00eda y Grupo ICI, pudimos mostrar ejemplos concretos de implementaci\u00f3n en la regi\u00f3n y fortalecer la confianza con las universidades presentes.<\/p>\t\t\t\t\t\t\t\t<\/div>\n\t\t\t\t<\/div>\n\t\t\t\t<div class=\"elementor-element elementor-element-5e11fb8d image-gallery elementor-widget elementor-widget-gallery\" data-id=\"5e11fb8d\" data-element_type=\"widget\" data-e-type=\"widget\" data-settings=\"{&quot;columns&quot;:2,&quot;lazyload&quot;:&quot;yes&quot;,&quot;gallery_layout&quot;:&quot;grid&quot;,&quot;columns_tablet&quot;:2,&quot;columns_mobile&quot;:1,&quot;gap&quot;:{&quot;unit&quot;:&quot;px&quot;,&quot;size&quot;:10,&quot;sizes&quot;:[]},&quot;gap_tablet&quot;:{&quot;unit&quot;:&quot;px&quot;,&quot;size&quot;:10,&quot;sizes&quot;:[]},&quot;gap_mobile&quot;:{&quot;unit&quot;:&quot;px&quot;,&quot;size&quot;:10,&quot;sizes&quot;:[]},&quot;link_to&quot;:&quot;file&quot;,&quot;aspect_ratio&quot;:&quot;3:2&quot;,&quot;overlay_background&quot;:&quot;yes&quot;,&quot;content_hover_animation&quot;:&quot;fade-in&quot;}\" data-widget_type=\"gallery.default\">\n\t\t\t\t<div class=\"elementor-widget-container\">\n\t\t\t\t\t\t\t<div class=\"elementor-gallery__container\">\n\t\t\t\t\t\t\t<a class=\"e-gallery-item elementor-gallery-item elementor-animated-content\" href=\"https:\/\/www.bibliotheca.com\/wp-content\/uploads\/Participacion-de-Bibliotheca-en-Oducal-2.jpeg\" data-elementor-open-lightbox=\"yes\" data-elementor-lightbox-slideshow=\"5e11fb8d\" data-elementor-lightbox-title=\"Participaci\u00f3n de Bibliotheca en Oducal 2\" data-elementor-lightbox-description=\"La participaci\u00f3n conjunta con nuestros partners refleja nuestro compromiso por acompa\u00f1ar a las bibliotecas con soluciones adaptadas a sus contextos.\" data-e-action-hash=\"#elementor-action%3Aaction%3Dlightbox%26settings%3DeyJpZCI6MTAxMjAzLCJ1cmwiOiJodHRwczpcL1wvd3d3LmJpYmxpb3RoZWNhLmNvbVwvd3AtY29udGVudFwvdXBsb2Fkc1wvUGFydGljaXBhY2lvbi1kZS1CaWJsaW90aGVjYS1lbi1PZHVjYWwtMi5qcGVnIiwic2xpZGVzaG93IjoiNWUxMWZiOGQifQ%3D%3D\">\n\t\t\t\t\t<div class=\"e-gallery-image elementor-gallery-item__image\" data-thumbnail=\"https:\/\/www.bibliotheca.com\/wp-content\/uploads\/Participacion-de-Bibliotheca-en-Oducal-2-786x1024.jpeg\" data-width=\"786\" data-height=\"1024\" aria-label=\"Representantes de Bibliotheca frente al stand en la VI Reuni\u00f3n ODUCAL.\" role=\"img\" ><\/div>\n\t\t\t\t\t\t\t\t\t\t\t<div class=\"elementor-gallery-item__overlay\"><\/div>\n\t\t\t\t\t\t\t\t\t\t\t\t\t\t<\/a>\n\t\t\t\t\t\t\t<a class=\"e-gallery-item elementor-gallery-item elementor-animated-content\" href=\"https:\/\/www.bibliotheca.com\/wp-content\/uploads\/Participacion-de-Bibliotheca-en-Oducal-scaled-1.webp\" data-elementor-open-lightbox=\"yes\" data-elementor-lightbox-slideshow=\"5e11fb8d\" data-elementor-lightbox-title=\"Participacion-de-Bibliotheca-en-Oducal-scaled-1\" data-elementor-lightbox-description=\"El trabajo articulado entre equipos de distintos pa\u00edses visibiliz\u00f3 nuestro compromiso por llevar tecnolog\u00eda relevante a bibliotecas en contextos diversos.\" data-e-action-hash=\"#elementor-action%3Aaction%3Dlightbox%26settings%3DeyJpZCI6MTAxMjE4LCJ1cmwiOiJodHRwczpcL1wvd3d3LmJpYmxpb3RoZWNhLmNvbVwvd3AtY29udGVudFwvdXBsb2Fkc1wvUGFydGljaXBhY2lvbi1kZS1CaWJsaW90aGVjYS1lbi1PZHVjYWwtc2NhbGVkLTEud2VicCIsInNsaWRlc2hvdyI6IjVlMTFmYjhkIn0%3D\">\n\t\t\t\t\t<div class=\"e-gallery-image elementor-gallery-item__image\" data-thumbnail=\"https:\/\/www.bibliotheca.com\/wp-content\/uploads\/Participacion-de-Bibliotheca-en-Oducal-scaled-1-768x1024.webp\" data-width=\"768\" data-height=\"1024\" aria-label=\"Equipo de Bibliotheca junto a representantes de SAG Ingenier\u00eda durante una jornada del evento ODUCAL 2025.\" role=\"img\" ><\/div>\n\t\t\t\t\t\t\t\t\t\t\t<div class=\"elementor-gallery-item__overlay\"><\/div>\n\t\t\t\t\t\t\t\t\t\t\t\t\t\t<\/a>\n\t\t\t\t\t\t\t<a class=\"e-gallery-item elementor-gallery-item elementor-animated-content\" href=\"https:\/\/www.bibliotheca.com\/wp-content\/uploads\/Estand-de-Bibliotheca-en-Oducal.jpeg\" data-elementor-open-lightbox=\"yes\" data-elementor-lightbox-slideshow=\"5e11fb8d\" data-elementor-lightbox-title=\"Estand de Bibliotheca en Oducal\" data-elementor-lightbox-description=\"El espacio permiti\u00f3 mostrar c\u00f3mo nuestras herramientas responden a los desaf\u00edos de las bibliotecas universitarias modernas, promoviendo eficiencia y autonom\u00eda.\" data-e-action-hash=\"#elementor-action%3Aaction%3Dlightbox%26settings%3DeyJpZCI6MTAxMTczLCJ1cmwiOiJodHRwczpcL1wvd3d3LmJpYmxpb3RoZWNhLmNvbVwvd3AtY29udGVudFwvdXBsb2Fkc1wvRXN0YW5kLWRlLUJpYmxpb3RoZWNhLWVuLU9kdWNhbC5qcGVnIiwic2xpZGVzaG93IjoiNWUxMWZiOGQifQ%3D%3D\">\n\t\t\t\t\t<div class=\"e-gallery-image elementor-gallery-item__image\" data-thumbnail=\"https:\/\/www.bibliotheca.com\/wp-content\/uploads\/Estand-de-Bibliotheca-en-Oducal-768x1024.jpeg\" data-width=\"768\" data-height=\"1024\" aria-label=\"Vista del stand de Bibliotheca y SAG Ingenier\u00eda en la VI Reuni\u00f3n de la Red de Bibliotecas ODUCAL.\" role=\"img\" ><\/div>\n\t\t\t\t\t\t\t\t\t\t\t<div class=\"elementor-gallery-item__overlay\"><\/div>\n\t\t\t\t\t\t\t\t\t\t\t\t\t\t<\/a>\n\t\t\t\t\t\t\t<a class=\"e-gallery-item elementor-gallery-item elementor-animated-content\" href=\"https:\/\/www.bibliotheca.com\/wp-content\/uploads\/Hublet-Bibliotheca-Oducal-e1754521456791.jpeg\" data-elementor-open-lightbox=\"yes\" data-elementor-lightbox-slideshow=\"5e11fb8d\" data-elementor-lightbox-title=\"Hublet - Bibliotheca Oducal\" data-elementor-lightbox-description=\": La jornada permiti\u00f3 a los profesionales del sector explorar tecnolog\u00edas alineadas con las nuevas necesidades de sus comunidades acad\u00e9micas.\" data-e-action-hash=\"#elementor-action%3Aaction%3Dlightbox%26settings%3DeyJpZCI6MTAxMTg4LCJ1cmwiOiJodHRwczpcL1wvd3d3LmJpYmxpb3RoZWNhLmNvbVwvd3AtY29udGVudFwvdXBsb2Fkc1wvSHVibGV0LUJpYmxpb3RoZWNhLU9kdWNhbC1lMTc1NDUyMTQ1Njc5MS5qcGVnIiwic2xpZGVzaG93IjoiNWUxMWZiOGQifQ%3D%3D\">\n\t\t\t\t\t<div class=\"e-gallery-image elementor-gallery-item__image\" data-thumbnail=\"https:\/\/www.bibliotheca.com\/wp-content\/uploads\/Hublet-Bibliotheca-Oducal-e1754521456791-807x1024.jpeg\" data-width=\"800\" data-height=\"1015\" aria-label=\"Asistentes al evento ODUCAL interactuando con los dispositivos de Bibliotheca presentados por SAG Ingenier\u00eda.\" role=\"img\" ><\/div>\n\t\t\t\t\t\t\t\t\t\t\t<div class=\"elementor-gallery-item__overlay\"><\/div>\n\t\t\t\t\t\t\t\t\t\t\t\t\t\t<\/a>\n\t\t\t\t\t<\/div>\n\t\t\t\t\t<\/div>\n\t\t\t\t<\/div>\n\t\t\t\t<div class=\"elementor-element elementor-element-62c5c14 elementor-widget elementor-widget-heading\" data-id=\"62c5c14\" data-element_type=\"widget\" data-e-type=\"widget\" data-widget_type=\"heading.default\">\n\t\t\t\t<div class=\"elementor-widget-container\">\n\t\t\t\t\t<h3 class=\"elementor-heading-title elementor-size-default\">Comprometidos con la transformaci\u00f3n educativa en Am\u00e9rica Latina<\/h3>\t\t\t\t<\/div>\n\t\t\t\t<\/div>\n\t\t\t\t<div class=\"elementor-element elementor-element-a68cfef elementor-widget-divider--view-line elementor-invisible elementor-widget elementor-widget-divider\" data-id=\"a68cfef\" data-element_type=\"widget\" data-e-type=\"widget\" data-settings=\"{&quot;_animation&quot;:&quot;fadeInDown&quot;}\" data-widget_type=\"divider.default\">\n\t\t\t\t<div class=\"elementor-widget-container\">\n\t\t\t\t\t\t\t<div class=\"elementor-divider\">\n\t\t\t<span class=\"elementor-divider-separator\">\n\t\t\t\t\t\t<\/span>\n\t\t<\/div>\n\t\t\t\t\t\t<\/div>\n\t\t\t\t<\/div>\n\t\t\t\t<div class=\"elementor-element elementor-element-1086b92b elementor-widget elementor-widget-text-editor\" data-id=\"1086b92b\" data-element_type=\"widget\" data-e-type=\"widget\" data-widget_type=\"text-editor.default\">\n\t\t\t\t<div class=\"elementor-widget-container\">\n\t\t\t\t\t\t\t\t\t<p data-start=\"3374\" data-end=\"3780\">La participaci\u00f3n en este tipo de eventos forma parte de nuestro compromiso con el ecosistema educativo de Am\u00e9rica Latina. En Bibliotheca, creemos firmemente que las bibliotecas universitarias tienen un rol central en la transformaci\u00f3n de los modelos educativos, y que esa transformaci\u00f3n necesita tanto de visi\u00f3n institucional como de tecnolog\u00edas que acompa\u00f1en el cambio de manera respetuosa y efectiva.<\/p><p data-start=\"3782\" data-end=\"4049\">Agradecemos a la Red ODUCAL, el CELAM y la Pontificia Universidad Javeriana por la invitaci\u00f3n y por crear un espacio tan genuino de encuentro e inspiraci\u00f3n. Nos llevamos aprendizajes, conexiones valiosas y la motivaci\u00f3n renovada para seguir apoyando a las bibliotecas de Am\u00e9rica Latina en sus caminos de innovaci\u00f3n.<\/p>\t\t\t\t\t\t\t\t<\/div>\n\t\t\t\t<\/div>\n\t\t\t\t<div class=\"elementor-element elementor-element-69b1ff1 elementor-widget elementor-widget-image\" data-id=\"69b1ff1\" data-element_type=\"widget\" data-e-type=\"widget\" data-widget_type=\"image.default\">\n\t\t\t\t<div class=\"elementor-widget-container\">\n\t\t\t\t\t\t\t\t\t\t\t\t\t\t\t<img decoding=\"async\" width=\"800\" height=\"600\" src=\"https:\/\/www.bibliotheca.com\/wp-content\/uploads\/Grupo-ICI-y-Bibliotheca-en-ODUCAL.jpeg\" class=\"attachment-large size-large wp-image-101254\" alt=\"Equipo de Bibliotheca junto a representantes de Grupo ICI durante una jornada del evento ODUCAL 2025.\" srcset=\"https:\/\/www.bibliotheca.com\/wp-content\/uploads\/Grupo-ICI-y-Bibliotheca-en-ODUCAL.jpeg 1000w, https:\/\/www.bibliotheca.com\/wp-content\/uploads\/Grupo-ICI-y-Bibliotheca-en-ODUCAL-300x225.jpeg 300w, https:\/\/www.bibliotheca.com\/wp-content\/uploads\/Grupo-ICI-y-Bibliotheca-en-ODUCAL-768x576.jpeg 768w\" sizes=\"(max-width: 800px) 100vw, 800px\" title=\"\">\t\t\t\t\t\t\t\t\t\t\t\t\t\t\t<\/div>\n\t\t\t\t<\/div>\n\t\t\t\t<div class=\"elementor-element elementor-element-4f6f6770 elementor-invisible elementor-widget elementor-widget-heading\" data-id=\"4f6f6770\" data-element_type=\"widget\" data-e-type=\"widget\" data-settings=\"{&quot;_animation&quot;:&quot;fadeIn&quot;}\" data-widget_type=\"heading.default\">\n\t\t\t\t<div class=\"elementor-widget-container\">\n\t\t\t\t\t<h5 class=\"elementor-heading-title elementor-size-default\">\u00bfQuieres saber c\u00f3mo nuestras soluciones pueden fortalecer tu biblioteca universitaria?<\/h5>\t\t\t\t<\/div>\n\t\t\t\t<\/div>\n\t\t\t\t<div class=\"elementor-element elementor-element-cc4dcaf elementor-widget elementor-widget-button\" data-id=\"cc4dcaf\" data-element_type=\"widget\" data-e-type=\"widget\" data-widget_type=\"button.default\">\n\t\t\t\t<div class=\"elementor-widget-container\">\n\t\t\t\t\t\t\t\t\t<div class=\"elementor-button-wrapper\">\n\t\t\t\t\t<a class=\"elementor-button elementor-button-link elementor-size-sm\" href=\"https:\/\/info.bibliotheca.com\/es\/contact-us\" rel=\"noopener\">\n\t\t\t\t\t\t<span class=\"elementor-button-content-wrapper\">\n\t\t\t\t\t\t\t\t\t<span class=\"elementor-button-text\">CONT\u00c1CTANOS<\/span>\n\t\t\t\t\t<\/span>\n\t\t\t\t\t<\/a>\n\t\t\t\t<\/div>\n\t\t\t\t\t\t\t\t<\/div>\n\t\t\t\t<\/div>\n\t\t\t\t\t<\/div>\n\t\t<\/div>\n\t\t\t\t\t<\/div>\n\t\t<\/section>\n\t\t\t\t<section class=\"elementor-section elementor-top-section elementor-element elementor-element-5c50cf1 elementor-section-full_width content-icon-sub-header bt-thick elementor-section-height-default elementor-section-height-default\" data-id=\"5c50cf1\" data-element_type=\"section\" data-e-type=\"section\" data-settings=\"{&quot;jet_parallax_layout_list&quot;:[{&quot;jet_parallax_layout_image&quot;:{&quot;url&quot;:&quot;&quot;,&quot;id&quot;:&quot;&quot;,&quot;size&quot;:&quot;&quot;},&quot;_id&quot;:&quot;023c89a&quot;,&quot;jet_parallax_layout_image_tablet&quot;:{&quot;url&quot;:&quot;&quot;,&quot;id&quot;:&quot;&quot;,&quot;size&quot;:&quot;&quot;},&quot;jet_parallax_layout_image_mobile&quot;:{&quot;url&quot;:&quot;&quot;,&quot;id&quot;:&quot;&quot;,&quot;size&quot;:&quot;&quot;},&quot;jet_parallax_layout_speed&quot;:{&quot;unit&quot;:&quot;%&quot;,&quot;size&quot;:50,&quot;sizes&quot;:[]},&quot;jet_parallax_layout_type&quot;:&quot;scroll&quot;,&quot;jet_parallax_layout_direction&quot;:&quot;1&quot;,&quot;jet_parallax_layout_fx_direction&quot;:null,&quot;jet_parallax_layout_z_index&quot;:&quot;&quot;,&quot;jet_parallax_layout_bg_x&quot;:50,&quot;jet_parallax_layout_bg_x_tablet&quot;:&quot;&quot;,&quot;jet_parallax_layout_bg_x_mobile&quot;:&quot;&quot;,&quot;jet_parallax_layout_bg_y&quot;:50,&quot;jet_parallax_layout_bg_y_tablet&quot;:&quot;&quot;,&quot;jet_parallax_layout_bg_y_mobile&quot;:&quot;&quot;,&quot;jet_parallax_layout_bg_size&quot;:&quot;auto&quot;,&quot;jet_parallax_layout_bg_size_tablet&quot;:&quot;&quot;,&quot;jet_parallax_layout_bg_size_mobile&quot;:&quot;&quot;,&quot;jet_parallax_layout_animation_prop&quot;:&quot;transform&quot;,&quot;jet_parallax_layout_on&quot;:[&quot;desktop&quot;,&quot;tablet&quot;]}]}\">\n\t\t\t\t\t\t<div class=\"elementor-container elementor-column-gap-no\">\n\t\t\t\t\t<div class=\"elementor-column elementor-col-100 elementor-top-column elementor-element elementor-element-5baec828\" data-id=\"5baec828\" data-element_type=\"column\" data-e-type=\"column\">\n\t\t\t<div class=\"elementor-widget-wrap elementor-element-populated\">\n\t\t\t\t\t\t<div class=\"elementor-element elementor-element-76145fb elementor-widget elementor-widget-image\" data-id=\"76145fb\" data-element_type=\"widget\" data-e-type=\"widget\" data-widget_type=\"image.default\">\n\t\t\t\t<div class=\"elementor-widget-container\">\n\t\t\t\t\t\t\t\t\t\t\t\t\t\t\t<img decoding=\"async\" src=\"https:\/\/www.bibliotheca.com\/wp-content\/uploads\/icon-open-book.svg\" title=\"icon-open-book\" alt=\"icon-open-book\" loading=\"lazy\" \/>\t\t\t\t\t\t\t\t\t\t\t\t\t\t\t<\/div>\n\t\t\t\t<\/div>\n\t\t\t\t<div class=\"elementor-element elementor-element-40e482a2 elementor-widget elementor-widget-heading\" data-id=\"40e482a2\" data-element_type=\"widget\" data-e-type=\"widget\" data-widget_type=\"heading.default\">\n\t\t\t\t<div class=\"elementor-widget-container\">\n\t\t\t\t\t<h2 class=\"elementor-heading-title elementor-size-small\">Tambi\u00e9n podr\u00eda interesarle<\/h2>\t\t\t\t<\/div>\n\t\t\t\t<\/div>\n\t\t\t\t\t<\/div>\n\t\t<\/div>\n\t\t\t\t\t<\/div>\n\t\t<\/section>\n\t\t\t\t<section class=\"elementor-section elementor-top-section elementor-element elementor-element-51125c31 elementor-section-full_width elementor-section-height-default elementor-section-height-default\" data-id=\"51125c31\" data-element_type=\"section\" data-e-type=\"section\" data-settings=\"{&quot;jet_parallax_layout_list&quot;:[{&quot;jet_parallax_layout_image&quot;:{&quot;url&quot;:&quot;&quot;,&quot;id&quot;:&quot;&quot;,&quot;size&quot;:&quot;&quot;},&quot;_id&quot;:&quot;023c89a&quot;,&quot;jet_parallax_layout_image_tablet&quot;:{&quot;url&quot;:&quot;&quot;,&quot;id&quot;:&quot;&quot;,&quot;size&quot;:&quot;&quot;},&quot;jet_parallax_layout_image_mobile&quot;:{&quot;url&quot;:&quot;&quot;,&quot;id&quot;:&quot;&quot;,&quot;size&quot;:&quot;&quot;},&quot;jet_parallax_layout_speed&quot;:{&quot;unit&quot;:&quot;%&quot;,&quot;size&quot;:50,&quot;sizes&quot;:[]},&quot;jet_parallax_layout_type&quot;:&quot;scroll&quot;,&quot;jet_parallax_layout_direction&quot;:&quot;1&quot;,&quot;jet_parallax_layout_fx_direction&quot;:null,&quot;jet_parallax_layout_z_index&quot;:&quot;&quot;,&quot;jet_parallax_layout_bg_x&quot;:50,&quot;jet_parallax_layout_bg_x_tablet&quot;:&quot;&quot;,&quot;jet_parallax_layout_bg_x_mobile&quot;:&quot;&quot;,&quot;jet_parallax_layout_bg_y&quot;:50,&quot;jet_parallax_layout_bg_y_tablet&quot;:&quot;&quot;,&quot;jet_parallax_layout_bg_y_mobile&quot;:&quot;&quot;,&quot;jet_parallax_layout_bg_size&quot;:&quot;auto&quot;,&quot;jet_parallax_layout_bg_size_tablet&quot;:&quot;&quot;,&quot;jet_parallax_layout_bg_size_mobile&quot;:&quot;&quot;,&quot;jet_parallax_layout_animation_prop&quot;:&quot;transform&quot;,&quot;jet_parallax_layout_on&quot;:[&quot;desktop&quot;,&quot;tablet&quot;]}]}\">\n\t\t\t\t\t\t<div class=\"elementor-container elementor-column-gap-no\">\n\t\t\t\t\t<div class=\"elementor-column elementor-col-100 elementor-top-column elementor-element elementor-element-7f6472b0\" data-id=\"7f6472b0\" data-element_type=\"column\" data-e-type=\"column\">\n\t\t\t<div class=\"elementor-widget-wrap elementor-element-populated\">\n\t\t\t\t\t\t\t<\/div>\n\t\t<\/div>\n\t\t\t\t\t<\/div>\n\t\t<\/section>\n\t\t\t\t<section class=\"elementor-section elementor-top-section elementor-element elementor-element-23097d9f elementor-section-full_width elementor-section-height-default elementor-section-height-default\" data-id=\"23097d9f\" data-element_type=\"section\" data-e-type=\"section\" data-settings=\"{&quot;jet_parallax_layout_list&quot;:[{&quot;jet_parallax_layout_image&quot;:{&quot;url&quot;:&quot;&quot;,&quot;id&quot;:&quot;&quot;,&quot;size&quot;:&quot;&quot;},&quot;_id&quot;:&quot;023c89a&quot;,&quot;jet_parallax_layout_image_tablet&quot;:{&quot;url&quot;:&quot;&quot;,&quot;id&quot;:&quot;&quot;,&quot;size&quot;:&quot;&quot;},&quot;jet_parallax_layout_image_mobile&quot;:{&quot;url&quot;:&quot;&quot;,&quot;id&quot;:&quot;&quot;,&quot;size&quot;:&quot;&quot;},&quot;jet_parallax_layout_speed&quot;:{&quot;unit&quot;:&quot;%&quot;,&quot;size&quot;:50,&quot;sizes&quot;:[]},&quot;jet_parallax_layout_type&quot;:&quot;scroll&quot;,&quot;jet_parallax_layout_direction&quot;:&quot;1&quot;,&quot;jet_parallax_layout_fx_direction&quot;:null,&quot;jet_parallax_layout_z_index&quot;:&quot;&quot;,&quot;jet_parallax_layout_bg_x&quot;:50,&quot;jet_parallax_layout_bg_x_tablet&quot;:&quot;&quot;,&quot;jet_parallax_layout_bg_x_mobile&quot;:&quot;&quot;,&quot;jet_parallax_layout_bg_y&quot;:50,&quot;jet_parallax_layout_bg_y_tablet&quot;:&quot;&quot;,&quot;jet_parallax_layout_bg_y_mobile&quot;:&quot;&quot;,&quot;jet_parallax_layout_bg_size&quot;:&quot;auto&quot;,&quot;jet_parallax_layout_bg_size_tablet&quot;:&quot;&quot;,&quot;jet_parallax_layout_bg_size_mobile&quot;:&quot;&quot;,&quot;jet_parallax_layout_animation_prop&quot;:&quot;transform&quot;,&quot;jet_parallax_layout_on&quot;:[&quot;desktop&quot;,&quot;tablet&quot;]}]}\">\n\t\t\t\t\t\t<div class=\"elementor-container elementor-column-gap-no\">\n\t\t\t\t\t<div class=\"elementor-column elementor-col-100 elementor-top-column elementor-element elementor-element-34aee95f\" data-id=\"34aee95f\" data-element_type=\"column\" data-e-type=\"column\">\n\t\t\t<div class=\"elementor-widget-wrap elementor-element-populated\">\n\t\t\t\t\t\t<div class=\"elementor-element elementor-element-c0e6476 heading-offset elementor-widget elementor-widget-heading\" data-id=\"c0e6476\" data-element_type=\"widget\" data-e-type=\"widget\" data-widget_type=\"heading.default\">\n\t\t\t\t<div class=\"elementor-widget-container\">\n\t\t\t\t\t<h2 class=\"elementor-heading-title elementor-size-default\">Perspectivas y tendencias<\/h2>\t\t\t\t<\/div>\n\t\t\t\t<\/div>\n\t\t\t\t<div class=\"elementor-element elementor-element-7a5772f6 carousel carousel-image-left bt-1 bb-1 elementor-widget elementor-widget-jet-posts\" data-id=\"7a5772f6\" data-element_type=\"widget\" data-e-type=\"widget\" data-settings=\"{&quot;columns&quot;:&quot;1&quot;}\" data-widget_type=\"jet-posts.default\">\n\t\t\t\t<div class=\"elementor-widget-container\">\n\t\t\t\t\t<div class=\"elementor-jet-posts jet-elements\"><div class=\"jet-carousel elementor-slick-slider\" data-slider_options=\"{&quot;autoplaySpeed&quot;:5000,&quot;autoplay&quot;:true,&quot;infinite&quot;:true,&quot;pauseOnHover&quot;:false,&quot;speed&quot;:500,&quot;arrows&quot;:true,&quot;dots&quot;:true,&quot;slidesToScroll&quot;:1,&quot;prevArrow&quot;:&quot;.jet-posts__prev-arrow-7a5772f6&quot;,&quot;nextArrow&quot;:&quot;.jet-posts__next-arrow-7a5772f6&quot;,&quot;rtl&quot;:false,&quot;fade&quot;:false}\" dir=\"ltr\"><div class=\"jet-posts col-row  jet-equal-cols\"><div class=\"jet-posts__prev-arrow-7a5772f6 jet-arrow prev-arrow\"><i aria-hidden=\"true\" class=\"fas fa-arrow-left\"><\/i><\/div><div class=\"jet-posts__next-arrow-7a5772f6 jet-arrow next-arrow\"><i aria-hidden=\"true\" class=\"fas fa-arrow-right\"><\/i><\/div><div class=\"jet-posts__item\">\n\t<div class=\"jet-posts__inner-box\"><div class=\"post-thumbnail\"><a href=\"https:\/\/www.bibliotheca.com\/es-la\/ia-en-las-bibliotecas-retos\/\" class=\"post-thumbnail__link\"><img loading=\"lazy\" decoding=\"async\" class=\"post-thumbnail__img wp-post-image\" src=\"https:\/\/www.bibliotheca.com\/wp-content\/uploads\/AI-in-Libraries.webp\" alt=\"IA en las bibliotecas: qu\u00e9 ha cambiado y cu\u00e1les son los retos\" loading=\"lazy\" width=\"2120\" height=\"1414\" title=\"\"><\/a><\/div><div class=\"jet-posts__terms\"><a href=\"https:\/\/www.bibliotheca.com\/es-la\/category\/blog\/\" class=\"jet-posts__terms-link\">Blog<\/a><\/div><div class=\"jet-posts__inner-content\"><h4 class=\"entry-title\"><a href=\"https:\/\/www.bibliotheca.com\/es-la\/ia-en-las-bibliotecas-retos\/\" target=\"\">IA en las bibliotecas: qu\u00e9 ha cambiado y cu\u00e1les son los retos<\/a><\/h4><div class=\"entry-excerpt\">Desde los registros MARC hasta los modelos generativos, los sistemas bibliotecarios han evolucionado en las \u00faltimas d\u00e9cadas. Analizamos qu\u00e9 ha&hellip;<\/div><div class=\"jet-more-wrap\"><a href=\"https:\/\/www.bibliotheca.com\/es-la\/ia-en-las-bibliotecas-retos\/\" class=\"btn btn-primary elementor-button elementor-size-md jet-more\" target=\"\"><span class=\"btn__text\">Leer m\u00e1s<\/span><\/a><\/div><\/div><\/div>\n<\/div>\n<div class=\"jet-posts__item\">\n\t<div class=\"jet-posts__inner-box\"><div class=\"post-thumbnail\"><a href=\"https:\/\/www.bibliotheca.com\/es-la\/bibliotheca-partner-summit-2026\/\" class=\"post-thumbnail__link\"><img loading=\"lazy\" decoding=\"async\" class=\"post-thumbnail__img wp-post-image\" src=\"https:\/\/www.bibliotheca.com\/wp-content\/uploads\/Partner-Summit-ON-AIR-Bibliotheca-Group-Photo-at-Gabriel-Garcia-Marquez-Library.webp\" alt=\"Partner Summit ON AIR 2026: sintonizando el futuro de la innovaci\u00f3n bibliotecaria\" loading=\"lazy\" width=\"1330\" height=\"800\" title=\"\"><\/a><\/div><div class=\"jet-posts__terms\"><a href=\"https:\/\/www.bibliotheca.com\/es-la\/category\/blog\/\" class=\"jet-posts__terms-link\">Blog<\/a><\/div><div class=\"jet-posts__inner-content\"><h4 class=\"entry-title\"><a href=\"https:\/\/www.bibliotheca.com\/es-la\/bibliotheca-partner-summit-2026\/\" target=\"\">Partner Summit ON AIR 2026: sintonizando el futuro de la innovaci\u00f3n bibliotecaria<\/a><\/h4><div class=\"entry-excerpt\">Sintonizando el futuro: descubre la Partner Summit ON AIR 2026 en Barcelona, donde los partners de EMEA y Latinoam\u00e9rica se&hellip;<\/div><div class=\"jet-more-wrap\"><a href=\"https:\/\/www.bibliotheca.com\/es-la\/bibliotheca-partner-summit-2026\/\" class=\"btn btn-primary elementor-button elementor-size-md jet-more\" target=\"\"><span class=\"btn__text\">Leer m\u00e1s<\/span><\/a><\/div><\/div><\/div>\n<\/div>\n<div class=\"jet-posts__item\">\n\t<div class=\"jet-posts__inner-box\"><div class=\"post-thumbnail\"><a href=\"https:\/\/www.bibliotheca.com\/es-la\/bibliotheca-anade-insights-de-ia-y-una-aplicacion-movil-a-su-plataforma-de-gestion-para-bibliotecas\/\" class=\"post-thumbnail__link\"><img loading=\"lazy\" decoding=\"async\" class=\"post-thumbnail__img wp-post-image\" src=\"https:\/\/www.bibliotheca.com\/wp-content\/uploads\/libraryConnect-LINK_Banner-scaled.jpg\" alt=\"Bibliotheca a\u00f1ade insights de IA y una aplicaci\u00f3n m\u00f3vil a su plataforma de gesti\u00f3n para bibliotecas\" loading=\"lazy\" width=\"2560\" height=\"1600\" title=\"\"><\/a><\/div><div class=\"jet-posts__terms\"><a href=\"https:\/\/www.bibliotheca.com\/es-la\/category\/blog\/\" class=\"jet-posts__terms-link\">Blog<\/a><\/div><div class=\"jet-posts__inner-content\"><h4 class=\"entry-title\"><a href=\"https:\/\/www.bibliotheca.com\/es-la\/bibliotheca-anade-insights-de-ia-y-una-aplicacion-movil-a-su-plataforma-de-gestion-para-bibliotecas\/\" target=\"\">Bibliotheca a\u00f1ade insights de IA y una aplicaci\u00f3n m\u00f3vil a su plataforma de gesti\u00f3n para bibliotecas<\/a><\/h4><div class=\"entry-excerpt\">La nueva aplicaci\u00f3n LINK y los insights de IA ampl\u00edan la forma en que las bibliotecas supervisan sistemas, resuelven problemas&hellip;<\/div><div class=\"jet-more-wrap\"><a href=\"https:\/\/www.bibliotheca.com\/es-la\/bibliotheca-anade-insights-de-ia-y-una-aplicacion-movil-a-su-plataforma-de-gestion-para-bibliotecas\/\" class=\"btn btn-primary elementor-button elementor-size-md jet-more\" target=\"\"><span class=\"btn__text\">Leer m\u00e1s<\/span><\/a><\/div><\/div><\/div>\n<\/div>\n<\/div>\n<\/div><\/div>\t\t\t\t<\/div>\n\t\t\t\t<\/div>\n\t\t\t\t<div class=\"elementor-element elementor-element-7daf5280 elementor-widget elementor-widget-spacer\" data-id=\"7daf5280\" data-element_type=\"widget\" data-e-type=\"widget\" data-widget_type=\"spacer.default\">\n\t\t\t\t<div class=\"elementor-widget-container\">\n\t\t\t\t\t\t\t<div class=\"elementor-spacer\">\n\t\t\t<div class=\"elementor-spacer-inner\"><\/div>\n\t\t<\/div>\n\t\t\t\t\t\t<\/div>\n\t\t\t\t<\/div>\n\t\t\t\t\t<\/div>\n\t\t<\/div>\n\t\t\t\t\t<\/div>\n\t\t<\/section>\n\t\t\t\t<\/div>\n\t\t","protected":false},"excerpt":{"rendered":"<p>Participamos en la VI Reuni\u00f3n ODUCAL destacando soluciones tecnol\u00f3gicas junto a nuestros partners SAG Ingenier\u00eda e ICI, fortaleciendo alianzas por la innovaci\u00f3n.<\/p>\n","protected":false},"author":31,"featured_media":101158,"comment_status":"closed","ping_status":"closed","sticky":false,"template":"","format":"standard","meta":{"content-type":"","footnotes":""},"categories":[206,304],"tags":[],"class_list":["post-101092","post","type-post","status-publish","format-standard","has-post-thumbnail","hentry","category-blog","category-events"],"_links":{"self":[{"href":"https:\/\/www.bibliotheca.com\/es-la\/wp-json\/wp\/v2\/posts\/101092","targetHints":{"allow":["GET"]}}],"collection":[{"href":"https:\/\/www.bibliotheca.com\/es-la\/wp-json\/wp\/v2\/posts"}],"about":[{"href":"https:\/\/www.bibliotheca.com\/es-la\/wp-json\/wp\/v2\/types\/post"}],"author":[{"embeddable":true,"href":"https:\/\/www.bibliotheca.com\/es-la\/wp-json\/wp\/v2\/users\/31"}],"replies":[{"embeddable":true,"href":"https:\/\/www.bibliotheca.com\/es-la\/wp-json\/wp\/v2\/comments?post=101092"}],"version-history":[{"count":0,"href":"https:\/\/www.bibliotheca.com\/es-la\/wp-json\/wp\/v2\/posts\/101092\/revisions"}],"wp:featuredmedia":[{"embeddable":true,"href":"https:\/\/www.bibliotheca.com\/es-la\/wp-json\/wp\/v2\/media\/101158"}],"wp:attachment":[{"href":"https:\/\/www.bibliotheca.com\/es-la\/wp-json\/wp\/v2\/media?parent=101092"}],"wp:term":[{"taxonomy":"category","embeddable":true,"href":"https:\/\/www.bibliotheca.com\/es-la\/wp-json\/wp\/v2\/categories?post=101092"},{"taxonomy":"post_tag","embeddable":true,"href":"https:\/\/www.bibliotheca.com\/es-la\/wp-json\/wp\/v2\/tags?post=101092"}],"curies":[{"name":"wp","href":"https:\/\/api.w.org\/{rel}","templated":true}]}}