{"id":112472,"date":"2025-12-18T20:21:54","date_gmt":"2025-12-18T20:21:54","guid":{"rendered":"https:\/\/bibliostaged.wpengine.com\/?p=112472"},"modified":"2025-12-18T20:24:26","modified_gmt":"2025-12-18T20:24:26","slug":"bibliotheca-fil-guadalajara-2025","status":"publish","type":"post","link":"https:\/\/www.bibliotheca.com\/es-la\/bibliotheca-fil-guadalajara-2025\/","title":{"rendered":"Bibliotheca fortalece su presencia en Latinoam\u00e9rica durante la FIL Guadalajara 2025"},"content":{"rendered":"\t\t<div data-elementor-type=\"wp-post\" data-elementor-id=\"112472\" class=\"elementor elementor-112472\" data-elementor-post-type=\"post\">\n\t\t\t\t\t\t<section class=\"elementor-section elementor-top-section elementor-element elementor-element-6613a7a2 elementor-section-full_width elementor-section-height-default elementor-section-height-default\" data-id=\"6613a7a2\" data-element_type=\"section\" data-e-type=\"section\" data-settings=\"{&quot;jet_parallax_layout_list&quot;:[{&quot;jet_parallax_layout_image&quot;:{&quot;url&quot;:&quot;&quot;,&quot;id&quot;:&quot;&quot;,&quot;size&quot;:&quot;&quot;},&quot;_id&quot;:&quot;e10cdb8&quot;,&quot;jet_parallax_layout_image_tablet&quot;:{&quot;url&quot;:&quot;&quot;,&quot;id&quot;:&quot;&quot;,&quot;size&quot;:&quot;&quot;},&quot;jet_parallax_layout_image_mobile&quot;:{&quot;url&quot;:&quot;&quot;,&quot;id&quot;:&quot;&quot;,&quot;size&quot;:&quot;&quot;},&quot;jet_parallax_layout_speed&quot;:{&quot;unit&quot;:&quot;%&quot;,&quot;size&quot;:50,&quot;sizes&quot;:[]},&quot;jet_parallax_layout_type&quot;:&quot;scroll&quot;,&quot;jet_parallax_layout_direction&quot;:&quot;1&quot;,&quot;jet_parallax_layout_fx_direction&quot;:null,&quot;jet_parallax_layout_z_index&quot;:&quot;&quot;,&quot;jet_parallax_layout_bg_x&quot;:50,&quot;jet_parallax_layout_bg_x_tablet&quot;:&quot;&quot;,&quot;jet_parallax_layout_bg_x_mobile&quot;:&quot;&quot;,&quot;jet_parallax_layout_bg_y&quot;:50,&quot;jet_parallax_layout_bg_y_tablet&quot;:&quot;&quot;,&quot;jet_parallax_layout_bg_y_mobile&quot;:&quot;&quot;,&quot;jet_parallax_layout_bg_size&quot;:&quot;auto&quot;,&quot;jet_parallax_layout_bg_size_tablet&quot;:&quot;&quot;,&quot;jet_parallax_layout_bg_size_mobile&quot;:&quot;&quot;,&quot;jet_parallax_layout_animation_prop&quot;:&quot;transform&quot;,&quot;jet_parallax_layout_on&quot;:[&quot;desktop&quot;,&quot;tablet&quot;]}]}\">\n\t\t\t\t\t\t<div class=\"elementor-container elementor-column-gap-no\">\n\t\t\t\t\t<div class=\"elementor-column elementor-col-100 elementor-top-column elementor-element elementor-element-68dfcb09\" data-id=\"68dfcb09\" data-element_type=\"column\" data-e-type=\"column\">\n\t\t\t<div class=\"elementor-widget-wrap elementor-element-populated\">\n\t\t\t\t\t\t<div class=\"elementor-element elementor-element-27f6c8ca hero hero-post hero-sub hero-content-dark hero-product elementor-cta--layout-image-left elementor-cta--mobile-layout-image-above elementor-cta--skin-classic elementor-animated-content elementor-widget elementor-widget-call-to-action\" data-id=\"27f6c8ca\" data-element_type=\"widget\" data-e-type=\"widget\" data-widget_type=\"call-to-action.default\">\n\t\t\t\t<div class=\"elementor-widget-container\">\n\t\t\t\t\t\t\t<div class=\"elementor-cta\">\n\t\t\t\t\t<div class=\"elementor-cta__bg-wrapper\">\n\t\t\t\t<div class=\"elementor-cta__bg elementor-bg\" style=\"background-image: url(https:\/\/www.bibliotheca.com\/wp-content\/uploads\/FIL-GUADALAJARA-2025-BIBLIOTHECA.jpeg);\" role=\"img\" aria-label=\"FIL GUADALAJARA 2025 BIBLIOTHECA\"><\/div>\n\t\t\t\t<div class=\"elementor-cta__bg-overlay\"><\/div>\n\t\t\t<\/div>\n\t\t\t\t\t\t\t<div class=\"elementor-cta__content\">\n\t\t\t\t\n\t\t\t\t\t\t\t\t\t<div class=\"elementor-cta__title elementor-cta__content-item elementor-content-item\">\n\t\t\t\t\t\t<a href=\"https:\/\/www.bibliotheca.com\/es-la\/category\/blog\/\" rel=\"tag\">Blog<\/a><a href=\"https:\/\/www.bibliotheca.com\/es-la\/category\/blog\/events\/\" rel=\"tag\">Eventos de Bibliotecas<\/a>\t\t\t\t\t<\/div>\n\t\t\t\t\n\t\t\t\t\t\t\t\t\t<div class=\"elementor-cta__description elementor-cta__content-item elementor-content-item\">\n\t\t\t\t\t\tBibliotheca fortalece su presencia en Latinoam\u00e9rica durante la FIL Guadalajara 2025\t\t\t\t\t<\/div>\n\t\t\t\t\n\t\t\t\t\t\t\t<\/div>\n\t\t\t\t\t\t<\/div>\n\t\t\t\t\t\t<\/div>\n\t\t\t\t<\/div>\n\t\t\t\t\t<\/div>\n\t\t<\/div>\n\t\t\t\t\t<\/div>\n\t\t<\/section>\n\t\t\t\t<section class=\"elementor-section elementor-top-section elementor-element elementor-element-62cdfa01 bb-1 bt-1 elementor-section-boxed elementor-section-height-default elementor-section-height-default\" data-id=\"62cdfa01\" data-element_type=\"section\" data-e-type=\"section\" data-settings=\"{&quot;jet_parallax_layout_list&quot;:[{&quot;jet_parallax_layout_image&quot;:{&quot;url&quot;:&quot;&quot;,&quot;id&quot;:&quot;&quot;,&quot;size&quot;:&quot;&quot;},&quot;_id&quot;:&quot;0144005&quot;,&quot;jet_parallax_layout_image_tablet&quot;:{&quot;url&quot;:&quot;&quot;,&quot;id&quot;:&quot;&quot;,&quot;size&quot;:&quot;&quot;},&quot;jet_parallax_layout_image_mobile&quot;:{&quot;url&quot;:&quot;&quot;,&quot;id&quot;:&quot;&quot;,&quot;size&quot;:&quot;&quot;},&quot;jet_parallax_layout_speed&quot;:{&quot;unit&quot;:&quot;%&quot;,&quot;size&quot;:50,&quot;sizes&quot;:[]},&quot;jet_parallax_layout_type&quot;:&quot;scroll&quot;,&quot;jet_parallax_layout_direction&quot;:&quot;1&quot;,&quot;jet_parallax_layout_fx_direction&quot;:null,&quot;jet_parallax_layout_z_index&quot;:&quot;&quot;,&quot;jet_parallax_layout_bg_x&quot;:50,&quot;jet_parallax_layout_bg_x_tablet&quot;:&quot;&quot;,&quot;jet_parallax_layout_bg_x_mobile&quot;:&quot;&quot;,&quot;jet_parallax_layout_bg_y&quot;:50,&quot;jet_parallax_layout_bg_y_tablet&quot;:&quot;&quot;,&quot;jet_parallax_layout_bg_y_mobile&quot;:&quot;&quot;,&quot;jet_parallax_layout_bg_size&quot;:&quot;auto&quot;,&quot;jet_parallax_layout_bg_size_tablet&quot;:&quot;&quot;,&quot;jet_parallax_layout_bg_size_mobile&quot;:&quot;&quot;,&quot;jet_parallax_layout_animation_prop&quot;:&quot;transform&quot;,&quot;jet_parallax_layout_on&quot;:[&quot;desktop&quot;,&quot;tablet&quot;]}]}\">\n\t\t\t\t\t\t<div class=\"elementor-container elementor-column-gap-default\">\n\t\t\t\t\t<div class=\"elementor-column elementor-col-33 elementor-top-column elementor-element elementor-element-42220309\" data-id=\"42220309\" data-element_type=\"column\" data-e-type=\"column\">\n\t\t\t<div class=\"elementor-widget-wrap\">\n\t\t\t\t\t\t\t<\/div>\n\t\t<\/div>\n\t\t\t\t<div class=\"elementor-column elementor-col-33 elementor-top-column elementor-element elementor-element-17033407\" data-id=\"17033407\" data-element_type=\"column\" data-e-type=\"column\">\n\t\t\t<div class=\"elementor-widget-wrap elementor-element-populated\">\n\t\t\t\t\t\t<div class=\"elementor-element elementor-element-79a025a8 elementor-widget elementor-widget-image\" data-id=\"79a025a8\" data-element_type=\"widget\" data-e-type=\"widget\" data-widget_type=\"image.default\">\n\t\t\t\t<div class=\"elementor-widget-container\">\n\t\t\t\t\t\t\t\t\t\t\t\t\t\t\t<img fetchpriority=\"high\" decoding=\"async\" width=\"355\" height=\"142\" src=\"https:\/\/www.bibliotheca.com\/wp-content\/uploads\/FIL-GUADALAJARA-MEXICO-2025.jpg\" class=\"attachment-large size-large wp-image-112477\" alt=\"FIL GUADALAJARA MEXICO 2025\" srcset=\"https:\/\/www.bibliotheca.com\/wp-content\/uploads\/FIL-GUADALAJARA-MEXICO-2025.jpg 355w, https:\/\/www.bibliotheca.com\/wp-content\/uploads\/FIL-GUADALAJARA-MEXICO-2025-300x120.jpg 300w\" sizes=\"(max-width: 355px) 100vw, 355px\" title=\"\">\t\t\t\t\t\t\t\t\t\t\t\t\t\t\t<\/div>\n\t\t\t\t<\/div>\n\t\t\t\t<div class=\"elementor-element elementor-element-1632fca4 elementor-widget elementor-widget-text-editor\" data-id=\"1632fca4\" data-element_type=\"widget\" data-e-type=\"widget\" data-widget_type=\"text-editor.default\">\n\t\t\t\t<div class=\"elementor-widget-container\">\n\t\t\t\t\t\t\t\t\t<p>Diciembre, 2025<\/p>\t\t\t\t\t\t\t\t<\/div>\n\t\t\t\t<\/div>\n\t\t\t\t\t<\/div>\n\t\t<\/div>\n\t\t\t\t<div class=\"elementor-column elementor-col-33 elementor-top-column elementor-element elementor-element-6d48b187\" data-id=\"6d48b187\" data-element_type=\"column\" data-e-type=\"column\">\n\t\t\t<div class=\"elementor-widget-wrap\">\n\t\t\t\t\t\t\t<\/div>\n\t\t<\/div>\n\t\t\t\t\t<\/div>\n\t\t<\/section>\n\t\t\t\t<section class=\"elementor-section elementor-top-section elementor-element elementor-element-26422ac8 elementor-section-full_width content-video-contained bb-1 elementor-section-height-default elementor-section-height-default\" data-id=\"26422ac8\" data-element_type=\"section\" data-e-type=\"section\" data-settings=\"{&quot;jet_parallax_layout_list&quot;:[{&quot;jet_parallax_layout_image&quot;:{&quot;url&quot;:&quot;&quot;,&quot;id&quot;:&quot;&quot;,&quot;size&quot;:&quot;&quot;},&quot;_id&quot;:&quot;023c89a&quot;,&quot;jet_parallax_layout_image_tablet&quot;:{&quot;url&quot;:&quot;&quot;,&quot;id&quot;:&quot;&quot;,&quot;size&quot;:&quot;&quot;},&quot;jet_parallax_layout_image_mobile&quot;:{&quot;url&quot;:&quot;&quot;,&quot;id&quot;:&quot;&quot;,&quot;size&quot;:&quot;&quot;},&quot;jet_parallax_layout_speed&quot;:{&quot;unit&quot;:&quot;%&quot;,&quot;size&quot;:50,&quot;sizes&quot;:[]},&quot;jet_parallax_layout_type&quot;:&quot;scroll&quot;,&quot;jet_parallax_layout_direction&quot;:&quot;1&quot;,&quot;jet_parallax_layout_fx_direction&quot;:null,&quot;jet_parallax_layout_z_index&quot;:&quot;&quot;,&quot;jet_parallax_layout_bg_x&quot;:50,&quot;jet_parallax_layout_bg_x_tablet&quot;:&quot;&quot;,&quot;jet_parallax_layout_bg_x_mobile&quot;:&quot;&quot;,&quot;jet_parallax_layout_bg_y&quot;:50,&quot;jet_parallax_layout_bg_y_tablet&quot;:&quot;&quot;,&quot;jet_parallax_layout_bg_y_mobile&quot;:&quot;&quot;,&quot;jet_parallax_layout_bg_size&quot;:&quot;auto&quot;,&quot;jet_parallax_layout_bg_size_tablet&quot;:&quot;&quot;,&quot;jet_parallax_layout_bg_size_mobile&quot;:&quot;&quot;,&quot;jet_parallax_layout_animation_prop&quot;:&quot;transform&quot;,&quot;jet_parallax_layout_on&quot;:[&quot;desktop&quot;,&quot;tablet&quot;]}]}\">\n\t\t\t\t\t\t<div class=\"elementor-container elementor-column-gap-no\">\n\t\t\t\t\t<div class=\"elementor-column elementor-col-100 elementor-top-column elementor-element elementor-element-1a0b6306 column-narrow\" data-id=\"1a0b6306\" data-element_type=\"column\" data-e-type=\"column\">\n\t\t\t<div class=\"elementor-widget-wrap elementor-element-populated\">\n\t\t\t\t\t\t<div class=\"elementor-element elementor-element-12a19ed3 elementor-widget elementor-widget-text-editor\" data-id=\"12a19ed3\" data-element_type=\"widget\" data-e-type=\"widget\" data-widget_type=\"text-editor.default\">\n\t\t\t\t<div class=\"elementor-widget-container\">\n\t\t\t\t\t\t\t\t\t<p class=\"\" data-start=\"235\" data-end=\"353\">\u00a0La <a href=\"https:\/\/www.fil.com.mx\/info\/info_fil.asp\" target=\"_blank\" rel=\"noopener\">Feria Internacional del Libro de Guadalajara, FIL,<\/a> volvi\u00f3 a convertirse en un punto de encuentro clave para la industria editorial, bibliotecaria y tecnol\u00f3gica de habla hispana. En su 39\u00aa edici\u00f3n, realizada del 29 de noviembre al 3 de diciembre, Bibliotheca particip\u00f3 por quinta vez consecutiva, consolidando su papel como referente global en soluciones tecnol\u00f3gicas para bibliotecas. Este a\u00f1o, la compa\u00f1\u00eda cont\u00f3 con una nueva ubicaci\u00f3n dentro del recinto, lo que permiti\u00f3 mayor visibilidad, un flujo m\u00e1s constante de visitantes y la oportunidad de conectar con profesionales que a\u00fan no conoc\u00edan el portafolio de soluciones.\u00a0<\/p>\t\t\t\t\t\t\t\t<\/div>\n\t\t\t\t<\/div>\n\t\t\t\t<div class=\"elementor-element elementor-element-4dbb8c9 elementor-widget elementor-widget-image\" data-id=\"4dbb8c9\" data-element_type=\"widget\" data-e-type=\"widget\" data-widget_type=\"image.default\">\n\t\t\t\t<div class=\"elementor-widget-container\">\n\t\t\t\t\t\t\t\t\t\t\t\t\t\t\t<img decoding=\"async\" src=\"https:\/\/www.bibliotheca.com\/wp-content\/uploads\/1.jpeg\" title=\"Equipo de Bibliotheca y Grupo ICI en la FIL Guadalajara 2025.\" alt=\"Equipo de Bibliotheca, Grupo ICI y Hublet posando en el estand durante la Feria Internacional del Libro de Guadalajara.\" loading=\"lazy\" \/>\t\t\t\t\t\t\t\t\t\t\t\t\t\t\t<\/div>\n\t\t\t\t<\/div>\n\t\t\t\t<div class=\"elementor-element elementor-element-b3f33b8 elementor-widget elementor-widget-heading\" data-id=\"b3f33b8\" data-element_type=\"widget\" data-e-type=\"widget\" data-widget_type=\"heading.default\">\n\t\t\t\t<div class=\"elementor-widget-container\">\n\t\t\t\t\t<h2 class=\"elementor-heading-title elementor-size-default\">Presencia estrat\u00e9gica y multicultural<\/h2>\t\t\t\t<\/div>\n\t\t\t\t<\/div>\n\t\t\t\t<div class=\"elementor-element elementor-element-40c76eaa elementor-widget-divider--view-line elementor-invisible elementor-widget elementor-widget-divider\" data-id=\"40c76eaa\" data-element_type=\"widget\" data-e-type=\"widget\" data-settings=\"{&quot;_animation&quot;:&quot;fadeInDown&quot;}\" data-widget_type=\"divider.default\">\n\t\t\t\t<div class=\"elementor-widget-container\">\n\t\t\t\t\t\t\t<div class=\"elementor-divider\">\n\t\t\t<span class=\"elementor-divider-separator\">\n\t\t\t\t\t\t<\/span>\n\t\t<\/div>\n\t\t\t\t\t\t<\/div>\n\t\t\t\t<\/div>\n\t\t\t\t<div class=\"elementor-element elementor-element-75ec4c29 elementor-widget elementor-widget-text-editor\" data-id=\"75ec4c29\" data-element_type=\"widget\" data-e-type=\"widget\" data-widget_type=\"text-editor.default\">\n\t\t\t\t<div class=\"elementor-widget-container\">\n\t\t\t\t\t\t\t\t\t<p data-start=\"1895\" data-end=\"2499\">La nueva ubicaci\u00f3n del estand favoreci\u00f3 la llegada de p\u00fablico diverso, desde bibliotecarios de instituciones mexicanas, hasta profesionales de toda Latinoam\u00e9rica. Representantes de pa\u00edses como Colombia, Costa Rica, Chile y Per\u00fa, se acercaron para conocer de primera mano c\u00f3mo Bibliotheca est\u00e1 transformando las experiencias de autoservicio, circulaci\u00f3n y gesti\u00f3n de materiales en bibliotecas de todo el mundo. La presencia de visitantes internacionales confirm\u00f3 que la FIL sigue siendo un espacio estrat\u00e9gico para la conversaci\u00f3n sobre el futuro de las bibliotecas en la regi\u00f3n.<\/p>\n<p data-start=\"1895\" data-end=\"2499\">Esta participaci\u00f3n cont\u00f3 con el apoyo de los partners oficiales de Bibliotheca en M\u00e9xico: <a href=\"https:\/\/www.iciweb.com.mx\/\" target=\"_blank\" rel=\"noopener\">Grupo ICI<\/a> y <a href=\"https:\/\/sibasa.com\/\" target=\"_blank\" rel=\"noopener\">Sibasa.<\/a> Su experiencia local y su conexi\u00f3n directa con instituciones educativas, gubernamentales y redes bibliotecarias fueron fundamentales para enriquecer las conversaciones y presentar las novedades relevantes para el contexto regional.<\/p>\t\t\t\t\t\t\t\t<\/div>\n\t\t\t\t<\/div>\n\t\t\t\t<div class=\"elementor-element elementor-element-ca38841 image-gallery elementor-widget elementor-widget-gallery\" data-id=\"ca38841\" data-element_type=\"widget\" data-e-type=\"widget\" data-settings=\"{&quot;gallery_layout&quot;:&quot;justified&quot;,&quot;gap&quot;:{&quot;unit&quot;:&quot;px&quot;,&quot;size&quot;:11,&quot;sizes&quot;:[]},&quot;lazyload&quot;:&quot;yes&quot;,&quot;ideal_row_height&quot;:{&quot;unit&quot;:&quot;px&quot;,&quot;size&quot;:200,&quot;sizes&quot;:[]},&quot;ideal_row_height_tablet&quot;:{&quot;unit&quot;:&quot;px&quot;,&quot;size&quot;:150,&quot;sizes&quot;:[]},&quot;ideal_row_height_mobile&quot;:{&quot;unit&quot;:&quot;px&quot;,&quot;size&quot;:150,&quot;sizes&quot;:[]},&quot;gap_tablet&quot;:{&quot;unit&quot;:&quot;px&quot;,&quot;size&quot;:10,&quot;sizes&quot;:[]},&quot;gap_mobile&quot;:{&quot;unit&quot;:&quot;px&quot;,&quot;size&quot;:10,&quot;sizes&quot;:[]},&quot;link_to&quot;:&quot;file&quot;,&quot;overlay_background&quot;:&quot;yes&quot;,&quot;content_hover_animation&quot;:&quot;fade-in&quot;}\" data-widget_type=\"gallery.default\">\n\t\t\t\t<div class=\"elementor-widget-container\">\n\t\t\t\t\t\t\t<div class=\"elementor-gallery__container\">\n\t\t\t\t\t\t\t<a class=\"e-gallery-item elementor-gallery-item elementor-animated-content\" href=\"https:\/\/www.bibliotheca.com\/wp-content\/uploads\/2.jpeg\" data-elementor-open-lightbox=\"yes\" data-elementor-lightbox-slideshow=\"ca38841\" data-elementor-lightbox-title=\"Demostraci\u00f3n de Hublet en la FIL Guadalajara 2025.\" data-elementor-lightbox-description=\"Visitantes interact\u00faan con una tableta Hublet en el estand de Bibliotheca. La imagen destaca el inter\u00e9s del p\u00fablico por las soluciones de autoservicio y pr\u00e9stamo digital, uno de los principales atractivos tecnol\u00f3gicos exhibidos durante la FIL Guadalajara.\" data-e-action-hash=\"#elementor-action%3Aaction%3Dlightbox%26settings%3DeyJpZCI6MTEyNDg0LCJ1cmwiOiJodHRwczpcL1wvd3d3LmJpYmxpb3RoZWNhLmNvbVwvd3AtY29udGVudFwvdXBsb2Fkc1wvMi5qcGVnIiwic2xpZGVzaG93IjoiY2EzODg0MSJ9\">\n\t\t\t\t\t<div class=\"e-gallery-image elementor-gallery-item__image\" data-thumbnail=\"https:\/\/www.bibliotheca.com\/wp-content\/uploads\/2-576x1024.jpeg\" data-width=\"576\" data-height=\"1024\" aria-label=\"Visitantes explorando las tabletas Hublet en el estand de Bibliotheca durante la Feria Internacional del Libro de Guadalajara.\" role=\"img\" ><\/div>\n\t\t\t\t\t\t\t\t\t\t\t<div class=\"elementor-gallery-item__overlay\"><\/div>\n\t\t\t\t\t\t\t\t\t\t\t\t\t\t<\/a>\n\t\t\t\t\t\t\t<a class=\"e-gallery-item elementor-gallery-item elementor-animated-content\" href=\"https:\/\/www.bibliotheca.com\/wp-content\/uploads\/3.jpeg\" data-elementor-open-lightbox=\"yes\" data-elementor-lightbox-slideshow=\"ca38841\" data-elementor-lightbox-title=\"Explicaci\u00f3n del sistema Hublet en la FIL Guadalajara 2025.\" data-elementor-lightbox-description=\"La fotograf\u00eda muestra a un representante de Bibliotheca realizando una demostraci\u00f3n personalizada de las tabletas Hublet. La visitante observa atentamente mientras se explica c\u00f3mo estas herramientas mejoran la experiencia de lectura digital en bibliotecas.\" data-e-action-hash=\"#elementor-action%3Aaction%3Dlightbox%26settings%3DeyJpZCI6MTEyNDg1LCJ1cmwiOiJodHRwczpcL1wvd3d3LmJpYmxpb3RoZWNhLmNvbVwvd3AtY29udGVudFwvdXBsb2Fkc1wvMy5qcGVnIiwic2xpZGVzaG93IjoiY2EzODg0MSJ9\">\n\t\t\t\t\t<div class=\"e-gallery-image elementor-gallery-item__image\" data-thumbnail=\"https:\/\/www.bibliotheca.com\/wp-content\/uploads\/3-576x1024.jpeg\" data-width=\"576\" data-height=\"1024\" aria-label=\"Representante de Bibliotheca explicando el funcionamiento de una tableta Hublet a una visitante en la FIL Guadalajara.\" role=\"img\" ><\/div>\n\t\t\t\t\t\t\t\t\t\t\t<div class=\"elementor-gallery-item__overlay\"><\/div>\n\t\t\t\t\t\t\t\t\t\t\t\t\t\t<\/a>\n\t\t\t\t\t\t\t<a class=\"e-gallery-item elementor-gallery-item elementor-animated-content\" href=\"https:\/\/www.bibliotheca.com\/wp-content\/uploads\/4.jpeg\" data-elementor-open-lightbox=\"yes\" data-elementor-lightbox-slideshow=\"ca38841\" data-elementor-lightbox-title=\"Interacci\u00f3n con asistentes en el estand de Bibliotheca en la FIL Guadalajara 2025.\" data-elementor-lightbox-description=\"La imagen captura una interacci\u00f3n entre una representante de Bibliotheca y una visitante interesada en las soluciones digitales para bibliotecas. Ambas revisan una tableta Hublet, resaltando el enfoque del estand en la innovaci\u00f3n tecnol\u00f3gica.\" data-e-action-hash=\"#elementor-action%3Aaction%3Dlightbox%26settings%3DeyJpZCI6MTEyNDg2LCJ1cmwiOiJodHRwczpcL1wvd3d3LmJpYmxpb3RoZWNhLmNvbVwvd3AtY29udGVudFwvdXBsb2Fkc1wvNC5qcGVnIiwic2xpZGVzaG93IjoiY2EzODg0MSJ9\">\n\t\t\t\t\t<div class=\"e-gallery-image elementor-gallery-item__image\" data-thumbnail=\"https:\/\/www.bibliotheca.com\/wp-content\/uploads\/4-692x1024.jpeg\" data-width=\"692\" data-height=\"1024\" aria-label=\"Visitante recibiendo informaci\u00f3n sobre las soluciones digitales de Bibliotheca en el estand de la FIL Guadalajara.\" role=\"img\" ><\/div>\n\t\t\t\t\t\t\t\t\t\t\t<div class=\"elementor-gallery-item__overlay\"><\/div>\n\t\t\t\t\t\t\t\t\t\t\t\t\t\t<\/a>\n\t\t\t\t\t\t\t<a class=\"e-gallery-item elementor-gallery-item elementor-animated-content\" href=\"https:\/\/www.bibliotheca.com\/wp-content\/uploads\/5.jpeg\" data-elementor-open-lightbox=\"yes\" data-elementor-lightbox-slideshow=\"ca38841\" data-elementor-lightbox-title=\"Bibliotheca y Grupo ICI en el estand \u00d1\u00d141 de la FIL Guadalajara 2025.\" data-elementor-lightbox-description=\"Fotograf\u00eda grupal del equipo de Bibliotheca y Grupo ICI junto al estand \u00d1\u00d141. La imagen refleja su participaci\u00f3n activa en la presentaci\u00f3n de tecnolog\u00edas y soluciones para bibliotecas durante la FIL Guadalajara.\" data-e-action-hash=\"#elementor-action%3Aaction%3Dlightbox%26settings%3DeyJpZCI6MTEyNDg3LCJ1cmwiOiJodHRwczpcL1wvd3d3LmJpYmxpb3RoZWNhLmNvbVwvd3AtY29udGVudFwvdXBsb2Fkc1wvNS5qcGVnIiwic2xpZGVzaG93IjoiY2EzODg0MSJ9\">\n\t\t\t\t\t<div class=\"e-gallery-image elementor-gallery-item__image\" data-thumbnail=\"https:\/\/www.bibliotheca.com\/wp-content\/uploads\/5-768x1024.jpeg\" data-width=\"768\" data-height=\"1024\" aria-label=\"Equipo de Bibliotheca, Grupo ICI y Hublet posando frente al estand \u00d1\u00d141 en la Feria Internacional del Libro de Guadalajara.\" role=\"img\" ><\/div>\n\t\t\t\t\t\t\t\t\t\t\t<div class=\"elementor-gallery-item__overlay\"><\/div>\n\t\t\t\t\t\t\t\t\t\t\t\t\t\t<\/a>\n\t\t\t\t\t<\/div>\n\t\t\t\t\t<\/div>\n\t\t\t\t<\/div>\n\t\t\t\t<div class=\"elementor-element elementor-element-00d6a1e elementor-widget elementor-widget-heading\" data-id=\"00d6a1e\" data-element_type=\"widget\" data-e-type=\"widget\" data-widget_type=\"heading.default\">\n\t\t\t\t<div class=\"elementor-widget-container\">\n\t\t\t\t\t<h2 class=\"elementor-heading-title elementor-size-default\">Aportes a la agenda acad\u00e9mica de la FIL<\/h2>\t\t\t\t<\/div>\n\t\t\t\t<\/div>\n\t\t\t\t<div class=\"elementor-element elementor-element-18d2626 elementor-widget-divider--view-line elementor-invisible elementor-widget elementor-widget-divider\" data-id=\"18d2626\" data-element_type=\"widget\" data-e-type=\"widget\" data-settings=\"{&quot;_animation&quot;:&quot;fadeInDown&quot;}\" data-widget_type=\"divider.default\">\n\t\t\t\t<div class=\"elementor-widget-container\">\n\t\t\t\t\t\t\t<div class=\"elementor-divider\">\n\t\t\t<span class=\"elementor-divider-separator\">\n\t\t\t\t\t\t<\/span>\n\t\t<\/div>\n\t\t\t\t\t\t<\/div>\n\t\t\t\t<\/div>\n\t\t\t\t<div class=\"elementor-element elementor-element-27468ed6 elementor-widget elementor-widget-text-editor\" data-id=\"27468ed6\" data-element_type=\"widget\" data-e-type=\"widget\" data-widget_type=\"text-editor.default\">\n\t\t\t\t<div class=\"elementor-widget-container\">\n\t\t\t\t\t\t\t\t\t<p data-start=\"2906\" data-end=\"3521\">Adem\u00e1s de la exhibici\u00f3n tecnol\u00f3gica, Bibliotheca hizo parte de la agenda profesional del evento. En el marco de los Foros de la Industria, la empresa estuvo presente en la Cuarta Reuni\u00f3n Ordinaria de la Asociaci\u00f3n Mexicana de Bibliotecarios, A.C. (<a href=\"https:\/\/ambac.org.mx\/\" target=\"_blank\" rel=\"noopener\">AMBAC<\/a>). Durante este encuentro se abordaron algunos de los temas m\u00e1s relevantes para el sector en 2025: los desaf\u00edos de la inteligencia artificial en los servicios bibliotecarios, la calidad y verificaci\u00f3n de la informaci\u00f3n, las estrategias para fortalecer el pensamiento cr\u00edtico en usuarios y el impacto del cambio clim\u00e1tico en las operaciones de las bibliotecas.<\/p>\n<p data-start=\"3523\" data-end=\"3752\">El debate permiti\u00f3 conectar las prioridades globales del sector, con las necesidades locales de bibliotecarios, reforzando la importancia de soluciones tecnol\u00f3gicas que puedan adaptarse a distintos contextos.<\/p>\t\t\t\t\t\t\t\t<\/div>\n\t\t\t\t<\/div>\n\t\t\t\t<div class=\"elementor-element elementor-element-24fba9a image-gallery elementor-widget elementor-widget-gallery\" data-id=\"24fba9a\" data-element_type=\"widget\" data-e-type=\"widget\" data-settings=\"{&quot;gallery_layout&quot;:&quot;justified&quot;,&quot;lazyload&quot;:&quot;yes&quot;,&quot;ideal_row_height&quot;:{&quot;unit&quot;:&quot;px&quot;,&quot;size&quot;:200,&quot;sizes&quot;:[]},&quot;ideal_row_height_tablet&quot;:{&quot;unit&quot;:&quot;px&quot;,&quot;size&quot;:150,&quot;sizes&quot;:[]},&quot;ideal_row_height_mobile&quot;:{&quot;unit&quot;:&quot;px&quot;,&quot;size&quot;:150,&quot;sizes&quot;:[]},&quot;gap&quot;:{&quot;unit&quot;:&quot;px&quot;,&quot;size&quot;:10,&quot;sizes&quot;:[]},&quot;gap_tablet&quot;:{&quot;unit&quot;:&quot;px&quot;,&quot;size&quot;:10,&quot;sizes&quot;:[]},&quot;gap_mobile&quot;:{&quot;unit&quot;:&quot;px&quot;,&quot;size&quot;:10,&quot;sizes&quot;:[]},&quot;link_to&quot;:&quot;file&quot;,&quot;overlay_background&quot;:&quot;yes&quot;,&quot;content_hover_animation&quot;:&quot;fade-in&quot;}\" data-widget_type=\"gallery.default\">\n\t\t\t\t<div class=\"elementor-widget-container\">\n\t\t\t\t\t\t\t<div class=\"elementor-gallery__container\">\n\t\t\t\t\t\t\t<a class=\"e-gallery-item elementor-gallery-item elementor-animated-content\" href=\"https:\/\/www.bibliotheca.com\/wp-content\/uploads\/7.jpeg\" data-elementor-open-lightbox=\"yes\" data-elementor-lightbox-slideshow=\"24fba9a\" data-elementor-lightbox-title=\"Equipo de Industria en el Foro FIL Guadalajara\" data-elementor-lightbox-description=\"Una toma amplia de un panel de discusi\u00f3n en el Foro de Industria de la FIL.\" data-e-action-hash=\"#elementor-action%3Aaction%3Dlightbox%26settings%3DeyJpZCI6MTEyNDg5LCJ1cmwiOiJodHRwczpcL1wvd3d3LmJpYmxpb3RoZWNhLmNvbVwvd3AtY29udGVudFwvdXBsb2Fkc1wvNy5qcGVnIiwic2xpZGVzaG93IjoiMjRmYmE5YSJ9\">\n\t\t\t\t\t<div class=\"e-gallery-image elementor-gallery-item__image\" data-thumbnail=\"https:\/\/www.bibliotheca.com\/wp-content\/uploads\/7-1024x834.jpeg\" data-width=\"800\" data-height=\"652\" aria-label=\"Equipo Bibliotheca y Grupo ICI posando en el Foro de Industria de la FIL de Guadalajara.\" role=\"img\" ><\/div>\n\t\t\t\t\t\t\t\t\t\t\t<div class=\"elementor-gallery-item__overlay\"><\/div>\n\t\t\t\t\t\t\t\t\t\t\t\t\t\t<\/a>\n\t\t\t\t\t\t\t<a class=\"e-gallery-item elementor-gallery-item elementor-animated-content\" href=\"https:\/\/www.bibliotheca.com\/wp-content\/uploads\/6.jpeg\" data-elementor-open-lightbox=\"yes\" data-elementor-lightbox-slideshow=\"24fba9a\" data-elementor-lightbox-title=\"Panel de Discusi\u00f3n en el Foro de Industria de la FIL\" data-elementor-lightbox-description=\"Una toma amplia de un panel de discusi\u00f3n en el Foro de Industria de la FIL. Tres oradores est\u00e1n sentados en el escenario frente a una audiencia considerable.\" data-e-action-hash=\"#elementor-action%3Aaction%3Dlightbox%26settings%3DeyJpZCI6MTEyNDg4LCJ1cmwiOiJodHRwczpcL1wvd3d3LmJpYmxpb3RoZWNhLmNvbVwvd3AtY29udGVudFwvdXBsb2Fkc1wvNi5qcGVnIiwic2xpZGVzaG93IjoiMjRmYmE5YSJ9\">\n\t\t\t\t\t<div class=\"e-gallery-image elementor-gallery-item__image\" data-thumbnail=\"https:\/\/www.bibliotheca.com\/wp-content\/uploads\/6-1024x576.jpeg\" data-width=\"800\" data-height=\"450\" aria-label=\"Panel de discusi\u00f3n en el Foro de Industria de la Feria Internacional del Libro de Guadalajara (FIL) con gran audiencia.\" role=\"img\" ><\/div>\n\t\t\t\t\t\t\t\t\t\t\t<div class=\"elementor-gallery-item__overlay\"><\/div>\n\t\t\t\t\t\t\t\t\t\t\t\t\t\t<\/a>\n\t\t\t\t\t<\/div>\n\t\t\t\t\t<\/div>\n\t\t\t\t<\/div>\n\t\t\t\t<div class=\"elementor-element elementor-element-df99bda elementor-widget elementor-widget-heading\" data-id=\"df99bda\" data-element_type=\"widget\" data-e-type=\"widget\" data-widget_type=\"heading.default\">\n\t\t\t\t<div class=\"elementor-widget-container\">\n\t\t\t\t\t<h2 class=\"elementor-heading-title elementor-size-default\">Innovaci\u00f3n en cada soluci\u00f3n<\/h2>\t\t\t\t<\/div>\n\t\t\t\t<\/div>\n\t\t\t\t<div class=\"elementor-element elementor-element-39f66ef elementor-widget-divider--view-line elementor-invisible elementor-widget elementor-widget-divider\" data-id=\"39f66ef\" data-element_type=\"widget\" data-e-type=\"widget\" data-settings=\"{&quot;_animation&quot;:&quot;fadeInDown&quot;}\" data-widget_type=\"divider.default\">\n\t\t\t\t<div class=\"elementor-widget-container\">\n\t\t\t\t\t\t\t<div class=\"elementor-divider\">\n\t\t\t<span class=\"elementor-divider-separator\">\n\t\t\t\t\t\t<\/span>\n\t\t<\/div>\n\t\t\t\t\t\t<\/div>\n\t\t\t\t<\/div>\n\t\t\t\t<div class=\"elementor-element elementor-element-9e6b9f8 elementor-widget elementor-widget-text-editor\" data-id=\"9e6b9f8\" data-element_type=\"widget\" data-e-type=\"widget\" data-widget_type=\"text-editor.default\">\n\t\t\t\t<div class=\"elementor-widget-container\">\n\t\t\t\t\t\t\t\t\t<p data-start=\"3794\" data-end=\"4352\">Las soluciones de Bibliotheca se convirtieron en el eje central durante esta edici\u00f3n. La feria brind\u00f3 el espacio ideal para demostrar c\u00f3mo cada producto responde a desaf\u00edos actuales de las bibliotecas, desde la eficiencia operativa hasta la ampliaci\u00f3n del acceso digital. En ese contexto, <a href=\"https:\/\/info.bibliotheca.com\/en-sg\/hublet_tablets_es\" target=\"_blank\" rel=\"noopener\">Hublet<\/a> destac\u00f3 de manera especial. Bibliotecarios, docentes y usuarios se interesaron por su propuesta de pr\u00e9stamo seguro y aut\u00f3nomo de tabletas. Las demostraciones en vivo evidenciaron su capacidad para integrarse a din\u00e1micas de aprendizaje, programas de formaci\u00f3n y espacios de lectura modernos.<\/p>\n<p data-start=\"4354\" data-end=\"4828\">El inter\u00e9s por Hublet tambi\u00e9n abri\u00f3 la puerta para profundizar en el resto del portafolio de Bibliotheca: los kioscos de autoservicio <a href=\"https:\/\/www.bibliotheca.com\/es-la\/selfcheck-2500\/\" target=\"_blank\" rel=\"noopener\">selfCheck 2500<\/a> y <a href=\"https:\/\/www.bibliotheca.com\/es-la\/selfcheck-3000\/\" target=\"_blank\" rel=\"noopener\">3000,<\/a> las soluciones de pr\u00e9stamo y devoluci\u00f3n <a href=\"https:\/\/www.bibliotheca.com\/es-la\/duoc-y-bibliotheca-cloudcheck-mobile\/\" target=\"_blank\" rel=\"noopener\">cloudCheck mobile<\/a> y <a href=\"https:\/\/www.bibliotheca.com\/es-la\/cloudcheck-tablet\/\" target=\"_blank\" rel=\"noopener\">cloudCheck tablet,<\/a> y el sistema inteligente de manejo automatizado de materiales <a href=\"https:\/\/www.bibliotheca.com\/es-la\/flexamh\/\" target=\"_blank\" rel=\"noopener\">flexAMH<\/a>. Estas conversaciones mostraron por qu\u00e9 la compa\u00f1\u00eda contin\u00faa liderando el mercado global con soluciones integradas, intuitivas y centradas en el usuario.<\/p>\t\t\t\t\t\t\t\t<\/div>\n\t\t\t\t<\/div>\n\t\t\t\t<div class=\"elementor-element elementor-element-24d35eec elementor-arrows-position-inside elementor-pagination-position-outside elementor-widget elementor-widget-image-carousel\" data-id=\"24d35eec\" data-element_type=\"widget\" data-e-type=\"widget\" data-settings=\"{&quot;slides_to_show&quot;:&quot;1&quot;,&quot;navigation&quot;:&quot;both&quot;,&quot;autoplay&quot;:&quot;yes&quot;,&quot;pause_on_hover&quot;:&quot;yes&quot;,&quot;pause_on_interaction&quot;:&quot;yes&quot;,&quot;autoplay_speed&quot;:5000,&quot;infinite&quot;:&quot;yes&quot;,&quot;effect&quot;:&quot;slide&quot;,&quot;speed&quot;:500}\" data-widget_type=\"image-carousel.default\">\n\t\t\t\t<div class=\"elementor-widget-container\">\n\t\t\t\t\t\t\t<div class=\"elementor-image-carousel-wrapper swiper\" role=\"region\" aria-roledescription=\"carousel\" aria-label=\"Image Carousel\" dir=\"ltr\">\n\t\t\t<div class=\"elementor-image-carousel swiper-wrapper\" aria-live=\"off\">\n\t\t\t\t\t\t\t\t<div class=\"swiper-slide\" role=\"group\" aria-roledescription=\"slide\" aria-label=\"1 of 5\"><figure class=\"swiper-slide-inner\"><img decoding=\"async\" class=\"swiper-slide-image\" src=\"https:\/\/www.bibliotheca.com\/wp-content\/uploads\/12-768x1365.jpeg\" alt=\"Tres asistentes examinando cloudCheck tablet de Bibliotheca en el stand de la FIL de Guadalajara.\" title=\"\"><\/figure><\/div><div class=\"swiper-slide\" role=\"group\" aria-roledescription=\"slide\" aria-label=\"2 of 5\"><figure class=\"swiper-slide-inner\"><img decoding=\"async\" class=\"swiper-slide-image\" src=\"https:\/\/www.bibliotheca.com\/wp-content\/uploads\/8-768x1365.jpeg\" alt=\"Conversaci\u00f3n entre representante de Bibliotheca y visitante sobre Hublet en la FIL de Guadalajara.\" title=\"\"><\/figure><\/div><div class=\"swiper-slide\" role=\"group\" aria-roledescription=\"slide\" aria-label=\"3 of 5\"><figure class=\"swiper-slide-inner\"><img decoding=\"async\" class=\"swiper-slide-image\" src=\"https:\/\/www.bibliotheca.com\/wp-content\/uploads\/9-768x1365.jpeg\" alt=\"Asistentes interactuando en el stand de Bibliotheca en la Feria Internacional del Libro de Guadalajara (FIL).\" title=\"\"><\/figure><\/div><div class=\"swiper-slide\" role=\"group\" aria-roledescription=\"slide\" aria-label=\"4 of 5\"><figure class=\"swiper-slide-inner\"><img decoding=\"async\" class=\"swiper-slide-image\" src=\"https:\/\/www.bibliotheca.com\/wp-content\/uploads\/10-768x1365.jpeg\" alt=\"Representante de Bibliotheca explicando soluciones a una asistente en el stand de la FIL de Guadalajara.\" title=\"\"><\/figure><\/div><div class=\"swiper-slide\" role=\"group\" aria-roledescription=\"slide\" aria-label=\"5 of 5\"><figure class=\"swiper-slide-inner\"><img decoding=\"async\" class=\"swiper-slide-image\" src=\"https:\/\/www.bibliotheca.com\/wp-content\/uploads\/11-768x1365.jpeg\" alt=\"Representante de Bibliotheca mostrando un dispositivo a un asistente en el stand de la FIL.\" title=\"\"><\/figure><\/div>\t\t\t<\/div>\n\t\t\t\t\t\t\t\t\t\t\t\t<div class=\"elementor-swiper-button elementor-swiper-button-prev\" role=\"button\" tabindex=\"0\">\n\t\t\t\t\t\t<i aria-hidden=\"true\" class=\"eicon-chevron-left\"><\/i>\t\t\t\t\t<\/div>\n\t\t\t\t\t<div class=\"elementor-swiper-button elementor-swiper-button-next\" role=\"button\" tabindex=\"0\">\n\t\t\t\t\t\t<i aria-hidden=\"true\" class=\"eicon-chevron-right\"><\/i>\t\t\t\t\t<\/div>\n\t\t\t\t\n\t\t\t\t\t\t\t\t\t<div class=\"swiper-pagination\"><\/div>\n\t\t\t\t\t\t\t\t\t<\/div>\n\t\t\t\t\t\t<\/div>\n\t\t\t\t<\/div>\n\t\t\t\t<div class=\"elementor-element elementor-element-d2f4cbc elementor-widget elementor-widget-heading\" data-id=\"d2f4cbc\" data-element_type=\"widget\" data-e-type=\"widget\" data-widget_type=\"heading.default\">\n\t\t\t\t<div class=\"elementor-widget-container\">\n\t\t\t\t\t<h2 class=\"elementor-heading-title elementor-size-default\">Un evento que celebra la cultura y el futuro<\/h2>\t\t\t\t<\/div>\n\t\t\t\t<\/div>\n\t\t\t\t<div class=\"elementor-element elementor-element-0ca293d elementor-widget-divider--view-line elementor-invisible elementor-widget elementor-widget-divider\" data-id=\"0ca293d\" data-element_type=\"widget\" data-e-type=\"widget\" data-settings=\"{&quot;_animation&quot;:&quot;fadeInDown&quot;}\" data-widget_type=\"divider.default\">\n\t\t\t\t<div class=\"elementor-widget-container\">\n\t\t\t\t\t\t\t<div class=\"elementor-divider\">\n\t\t\t<span class=\"elementor-divider-separator\">\n\t\t\t\t\t\t<\/span>\n\t\t<\/div>\n\t\t\t\t\t\t<\/div>\n\t\t\t\t<\/div>\n\t\t\t\t<div class=\"elementor-element elementor-element-26e6964 elementor-widget elementor-widget-text-editor\" data-id=\"26e6964\" data-element_type=\"widget\" data-e-type=\"widget\" data-widget_type=\"text-editor.default\">\n\t\t\t\t<div class=\"elementor-widget-container\">\n\t\t\t\t\t\t\t\t\t<p data-start=\"4880\" data-end=\"5355\">La edici\u00f3n 2025 de la FIL tuvo como regi\u00f3n invitada de honor a Barcelona, cuya presencia se reflej\u00f3 en una amplia agenda literaria, art\u00edstica y acad\u00e9mica. La riqueza cultural, la arquitectura y los contenidos presentados por la ciudad catalana aportaron un ambiente vibrante y contempor\u00e1neo al evento. Asimismo, los organizadores confirmaron que Italia ser\u00e1 el pa\u00eds invitado para 2026, lo que anticipa una edici\u00f3n igualmente relevante para el sector cultural y bibliotecario.<\/p>\n<p data-start=\"5357\" data-end=\"5761\">Seg\u00fan el <a href=\"https:\/\/www.fil.com.mx\/prensa\/boletin.asp?ids=1&amp;id=3316\" target=\"_blank\" rel=\"noopener\">resumen oficial de la FIL<\/a>, la feria reuni\u00f3 miles de visitantes y mantuvo su posicionamiento como uno de los espacios literarios y profesionales m\u00e1s importantes del mundo hispanohablante.<\/p>\t\t\t\t\t\t\t\t<\/div>\n\t\t\t\t<\/div>\n\t\t\t\t<div class=\"elementor-element elementor-element-6f16aff image-gallery elementor-widget elementor-widget-gallery\" data-id=\"6f16aff\" data-element_type=\"widget\" data-e-type=\"widget\" data-settings=\"{&quot;gallery_layout&quot;:&quot;justified&quot;,&quot;ideal_row_height&quot;:{&quot;unit&quot;:&quot;px&quot;,&quot;size&quot;:365,&quot;sizes&quot;:[]},&quot;lazyload&quot;:&quot;yes&quot;,&quot;ideal_row_height_tablet&quot;:{&quot;unit&quot;:&quot;px&quot;,&quot;size&quot;:150,&quot;sizes&quot;:[]},&quot;ideal_row_height_mobile&quot;:{&quot;unit&quot;:&quot;px&quot;,&quot;size&quot;:150,&quot;sizes&quot;:[]},&quot;gap&quot;:{&quot;unit&quot;:&quot;px&quot;,&quot;size&quot;:10,&quot;sizes&quot;:[]},&quot;gap_tablet&quot;:{&quot;unit&quot;:&quot;px&quot;,&quot;size&quot;:10,&quot;sizes&quot;:[]},&quot;gap_mobile&quot;:{&quot;unit&quot;:&quot;px&quot;,&quot;size&quot;:10,&quot;sizes&quot;:[]},&quot;link_to&quot;:&quot;file&quot;,&quot;overlay_background&quot;:&quot;yes&quot;,&quot;content_hover_animation&quot;:&quot;fade-in&quot;}\" data-widget_type=\"gallery.default\">\n\t\t\t\t<div class=\"elementor-widget-container\">\n\t\t\t\t\t\t\t<div class=\"elementor-gallery__container\">\n\t\t\t\t\t\t\t<a class=\"e-gallery-item elementor-gallery-item elementor-animated-content\" href=\"https:\/\/www.bibliotheca.com\/wp-content\/uploads\/13-e1765549144973.jpeg\" data-elementor-open-lightbox=\"yes\" data-elementor-lightbox-slideshow=\"6f16aff\" data-elementor-lightbox-title=\"Vista Panor\u00e1mica del \u00c1rea de Exposici\u00f3n y Venta de la FIL, pabell\u00f3n regi\u00f3n invitada.\" data-elementor-lightbox-description=\"La se\u00f1alizaci\u00f3n de Barcelona y grandes banderas rojas cuelgan del techo, resaltando la escala internacional de la feria.\" data-e-action-hash=\"#elementor-action%3Aaction%3Dlightbox%26settings%3DeyJpZCI6MTEyNDk1LCJ1cmwiOiJodHRwczpcL1wvd3d3LmJpYmxpb3RoZWNhLmNvbVwvd3AtY29udGVudFwvdXBsb2Fkc1wvMTMtZTE3NjU1NDkxNDQ5NzMuanBlZyIsInNsaWRlc2hvdyI6IjZmMTZhZmYifQ%3D%3D\">\n\t\t\t\t\t<div class=\"e-gallery-image elementor-gallery-item__image\" data-thumbnail=\"https:\/\/www.bibliotheca.com\/wp-content\/uploads\/13-e1765549144973-621x1024.jpeg\" data-width=\"621\" data-height=\"1024\" aria-label=\"Vista a\u00e9rea de un pabell\u00f3n de venta de libros en la Feria Internacional del Libro de Guadalajara (FIL).\" role=\"img\" ><\/div>\n\t\t\t\t\t\t\t\t\t\t\t<div class=\"elementor-gallery-item__overlay\"><\/div>\n\t\t\t\t\t\t\t\t\t\t\t\t\t\t<\/a>\n\t\t\t\t\t\t\t<a class=\"e-gallery-item elementor-gallery-item elementor-animated-content\" href=\"https:\/\/www.bibliotheca.com\/wp-content\/uploads\/14.jpeg\" data-elementor-open-lightbox=\"yes\" data-elementor-lightbox-slideshow=\"6f16aff\" data-elementor-lightbox-title=\"Material Promocional de Bibliotheca en la FIL 2025\" data-elementor-lightbox-description=\"Una vista de primer plano del merchandising y las acreditaciones de expositor de Bibliotheca para la FIL. Se destacan los logotipos de la FIL y Banamex, y el dise\u00f1o tem\u00e1tico de Barcelona, la Invitada de Honor de la feria en 2025.\" data-e-action-hash=\"#elementor-action%3Aaction%3Dlightbox%26settings%3DeyJpZCI6MTEyNDk2LCJ1cmwiOiJodHRwczpcL1wvd3d3LmJpYmxpb3RoZWNhLmNvbVwvd3AtY29udGVudFwvdXBsb2Fkc1wvMTQuanBlZyIsInNsaWRlc2hvdyI6IjZmMTZhZmYifQ%3D%3D\">\n\t\t\t\t\t<div class=\"e-gallery-image elementor-gallery-item__image\" data-thumbnail=\"https:\/\/www.bibliotheca.com\/wp-content\/uploads\/14-644x1024.jpeg\" data-width=\"644\" data-height=\"1024\" aria-label=\"Art\u00edculos promocionales y acreditaciones de la FIL 2025 de Guadalajara, destacando a Barcelona como Invitada de Honor.\" role=\"img\" ><\/div>\n\t\t\t\t\t\t\t\t\t\t\t<div class=\"elementor-gallery-item__overlay\"><\/div>\n\t\t\t\t\t\t\t\t\t\t\t\t\t\t<\/a>\n\t\t\t\t\t<\/div>\n\t\t\t\t\t<\/div>\n\t\t\t\t<\/div>\n\t\t\t\t<div class=\"elementor-element elementor-element-831630a elementor-widget elementor-widget-heading\" data-id=\"831630a\" data-element_type=\"widget\" data-e-type=\"widget\" data-widget_type=\"heading.default\">\n\t\t\t\t<div class=\"elementor-widget-container\">\n\t\t\t\t\t<h2 class=\"elementor-heading-title elementor-size-default\">Una participaci\u00f3n que reafirma el compromiso con Latinoam\u00e9rica<\/h2>\t\t\t\t<\/div>\n\t\t\t\t<\/div>\n\t\t\t\t<div class=\"elementor-element elementor-element-f0a27a7 elementor-widget-divider--view-line elementor-invisible elementor-widget elementor-widget-divider\" data-id=\"f0a27a7\" data-element_type=\"widget\" data-e-type=\"widget\" data-settings=\"{&quot;_animation&quot;:&quot;fadeInDown&quot;}\" data-widget_type=\"divider.default\">\n\t\t\t\t<div class=\"elementor-widget-container\">\n\t\t\t\t\t\t\t<div class=\"elementor-divider\">\n\t\t\t<span class=\"elementor-divider-separator\">\n\t\t\t\t\t\t<\/span>\n\t\t<\/div>\n\t\t\t\t\t\t<\/div>\n\t\t\t\t<\/div>\n\t\t\t\t<div class=\"elementor-element elementor-element-6360dd9 elementor-widget elementor-widget-text-editor\" data-id=\"6360dd9\" data-element_type=\"widget\" data-e-type=\"widget\" data-widget_type=\"text-editor.default\">\n\t\t\t\t<div class=\"elementor-widget-container\">\n\t\t\t\t\t\t\t\t\t<p data-start=\"4880\" data-end=\"5355\">La <a href=\"https:\/\/www.instagram.com\/p\/DR2E6t1EtzI\/\" target=\"_blank\" rel=\"noopener\">presencia de Bibliotheca en la FIL Guadalajara 2025<\/a> reafirm\u00f3 su compromiso con el desarrollo de bibliotecas en todos los niveles: educativas, p\u00fablicas, especializadas y universitarias. Gracias a la colaboraci\u00f3n con Grupo ICI y Sibasa, y al creciente inter\u00e9s del p\u00fablico por soluciones como Hublet y los sistemas de autopr\u00e9stamo, este evento se consolid\u00f3 como un punto clave para identificar oportunidades, fortalecer alianzas y continuar impulsando la innovaci\u00f3n bibliotecaria en la regi\u00f3n.<\/p>\t\t\t\t\t\t\t\t<\/div>\n\t\t\t\t<\/div>\n\t\t\t\t<div class=\"elementor-element elementor-element-d2ed216 elementor-widget elementor-widget-image\" data-id=\"d2ed216\" data-element_type=\"widget\" data-e-type=\"widget\" data-widget_type=\"image.default\">\n\t\t\t\t<div class=\"elementor-widget-container\">\n\t\t\t\t\t\t\t\t\t\t\t\t\t\t\t<img decoding=\"async\" width=\"800\" height=\"913\" src=\"https:\/\/www.bibliotheca.com\/wp-content\/uploads\/15-897x1024.jpeg\" class=\"attachment-large size-large wp-image-112497\" alt=\"Personas interactuando en el stand de Bibliotheca\/Grupo ici sobre soluciones de autoservicio y gesti\u00f3n de materiales en la FIL.\" srcset=\"https:\/\/www.bibliotheca.com\/wp-content\/uploads\/15-897x1024.jpeg 897w, https:\/\/www.bibliotheca.com\/wp-content\/uploads\/15-263x300.jpeg 263w, https:\/\/www.bibliotheca.com\/wp-content\/uploads\/15-768x877.jpeg 768w, https:\/\/www.bibliotheca.com\/wp-content\/uploads\/15.jpeg 1121w\" sizes=\"(max-width: 800px) 100vw, 800px\" title=\"\">\t\t\t\t\t\t\t\t\t\t\t\t\t\t\t<\/div>\n\t\t\t\t<\/div>\n\t\t\t\t<div class=\"elementor-element elementor-element-6f8bb5bf elementor-widget-divider--view-line elementor-widget elementor-widget-divider\" data-id=\"6f8bb5bf\" data-element_type=\"widget\" data-e-type=\"widget\" data-widget_type=\"divider.default\">\n\t\t\t\t<div class=\"elementor-widget-container\">\n\t\t\t\t\t\t\t<div class=\"elementor-divider\">\n\t\t\t<span class=\"elementor-divider-separator\">\n\t\t\t\t\t\t<\/span>\n\t\t<\/div>\n\t\t\t\t\t\t<\/div>\n\t\t\t\t<\/div>\n\t\t\t\t<div class=\"elementor-element elementor-element-3e3f5b4 elementor-invisible elementor-widget elementor-widget-heading\" data-id=\"3e3f5b4\" data-element_type=\"widget\" data-e-type=\"widget\" data-settings=\"{&quot;_animation&quot;:&quot;fadeIn&quot;}\" data-widget_type=\"heading.default\">\n\t\t\t\t<div class=\"elementor-widget-container\">\n\t\t\t\t\t<h5 class=\"elementor-heading-title elementor-size-default\">Conoce m\u00e1s sobre nuestras soluciones\n<\/h5>\t\t\t\t<\/div>\n\t\t\t\t<\/div>\n\t\t\t\t<div class=\"elementor-element elementor-element-b5d4d25 elementor-widget elementor-widget-button\" data-id=\"b5d4d25\" data-element_type=\"widget\" data-e-type=\"widget\" data-widget_type=\"button.default\">\n\t\t\t\t<div class=\"elementor-widget-container\">\n\t\t\t\t\t\t\t\t\t<div class=\"elementor-button-wrapper\">\n\t\t\t\t\t<a class=\"elementor-button elementor-button-link elementor-size-sm\" href=\"https:\/\/info.bibliotheca.com\/es\/contact-us\" rel=\"noopener\">\n\t\t\t\t\t\t<span class=\"elementor-button-content-wrapper\">\n\t\t\t\t\t\t\t\t\t<span class=\"elementor-button-text\">cont\u00e1ctanos<\/span>\n\t\t\t\t\t<\/span>\n\t\t\t\t\t<\/a>\n\t\t\t\t<\/div>\n\t\t\t\t\t\t\t\t<\/div>\n\t\t\t\t<\/div>\n\t\t\t\t\t<\/div>\n\t\t<\/div>\n\t\t\t\t\t<\/div>\n\t\t<\/section>\n\t\t\t\t<section class=\"elementor-section elementor-top-section elementor-element elementor-element-4a0cac44 elementor-section-full_width content-icon-sub-header bt-thick elementor-section-height-default elementor-section-height-default\" data-id=\"4a0cac44\" data-element_type=\"section\" data-e-type=\"section\" data-settings=\"{&quot;jet_parallax_layout_list&quot;:[{&quot;jet_parallax_layout_image&quot;:{&quot;url&quot;:&quot;&quot;,&quot;id&quot;:&quot;&quot;,&quot;size&quot;:&quot;&quot;},&quot;_id&quot;:&quot;023c89a&quot;,&quot;jet_parallax_layout_image_tablet&quot;:{&quot;url&quot;:&quot;&quot;,&quot;id&quot;:&quot;&quot;,&quot;size&quot;:&quot;&quot;},&quot;jet_parallax_layout_image_mobile&quot;:{&quot;url&quot;:&quot;&quot;,&quot;id&quot;:&quot;&quot;,&quot;size&quot;:&quot;&quot;},&quot;jet_parallax_layout_speed&quot;:{&quot;unit&quot;:&quot;%&quot;,&quot;size&quot;:50,&quot;sizes&quot;:[]},&quot;jet_parallax_layout_type&quot;:&quot;scroll&quot;,&quot;jet_parallax_layout_direction&quot;:&quot;1&quot;,&quot;jet_parallax_layout_fx_direction&quot;:null,&quot;jet_parallax_layout_z_index&quot;:&quot;&quot;,&quot;jet_parallax_layout_bg_x&quot;:50,&quot;jet_parallax_layout_bg_x_tablet&quot;:&quot;&quot;,&quot;jet_parallax_layout_bg_x_mobile&quot;:&quot;&quot;,&quot;jet_parallax_layout_bg_y&quot;:50,&quot;jet_parallax_layout_bg_y_tablet&quot;:&quot;&quot;,&quot;jet_parallax_layout_bg_y_mobile&quot;:&quot;&quot;,&quot;jet_parallax_layout_bg_size&quot;:&quot;auto&quot;,&quot;jet_parallax_layout_bg_size_tablet&quot;:&quot;&quot;,&quot;jet_parallax_layout_bg_size_mobile&quot;:&quot;&quot;,&quot;jet_parallax_layout_animation_prop&quot;:&quot;transform&quot;,&quot;jet_parallax_layout_on&quot;:[&quot;desktop&quot;,&quot;tablet&quot;]}]}\">\n\t\t\t\t\t\t<div class=\"elementor-container elementor-column-gap-no\">\n\t\t\t\t\t<div class=\"elementor-column elementor-col-100 elementor-top-column elementor-element elementor-element-5d16779f\" data-id=\"5d16779f\" data-element_type=\"column\" data-e-type=\"column\">\n\t\t\t<div class=\"elementor-widget-wrap elementor-element-populated\">\n\t\t\t\t\t\t<div class=\"elementor-element elementor-element-3d4495cf elementor-widget elementor-widget-image\" data-id=\"3d4495cf\" data-element_type=\"widget\" data-e-type=\"widget\" data-widget_type=\"image.default\">\n\t\t\t\t<div class=\"elementor-widget-container\">\n\t\t\t\t\t\t\t\t\t\t\t\t\t\t\t<img decoding=\"async\" src=\"https:\/\/www.bibliotheca.com\/wp-content\/uploads\/icon-open-book.svg\" title=\"icon-open-book\" alt=\"icon-open-book\" loading=\"lazy\" \/>\t\t\t\t\t\t\t\t\t\t\t\t\t\t\t<\/div>\n\t\t\t\t<\/div>\n\t\t\t\t<div class=\"elementor-element elementor-element-4a8fca0d elementor-widget elementor-widget-heading\" data-id=\"4a8fca0d\" data-element_type=\"widget\" data-e-type=\"widget\" data-widget_type=\"heading.default\">\n\t\t\t\t<div class=\"elementor-widget-container\">\n\t\t\t\t\t<h2 class=\"elementor-heading-title elementor-size-small\">Tambi\u00e9n podr\u00eda interesarle<\/h2>\t\t\t\t<\/div>\n\t\t\t\t<\/div>\n\t\t\t\t\t<\/div>\n\t\t<\/div>\n\t\t\t\t\t<\/div>\n\t\t<\/section>\n\t\t\t\t<section class=\"elementor-section elementor-top-section elementor-element elementor-element-385d05fc elementor-section-full_width elementor-section-height-default elementor-section-height-default\" data-id=\"385d05fc\" data-element_type=\"section\" data-e-type=\"section\" data-settings=\"{&quot;jet_parallax_layout_list&quot;:[{&quot;_id&quot;:&quot;023c89a&quot;,&quot;jet_parallax_layout_image&quot;:{&quot;url&quot;:&quot;&quot;,&quot;id&quot;:&quot;&quot;,&quot;size&quot;:&quot;&quot;},&quot;jet_parallax_layout_image_tablet&quot;:{&quot;url&quot;:&quot;&quot;,&quot;id&quot;:&quot;&quot;,&quot;size&quot;:&quot;&quot;},&quot;jet_parallax_layout_image_mobile&quot;:{&quot;url&quot;:&quot;&quot;,&quot;id&quot;:&quot;&quot;,&quot;size&quot;:&quot;&quot;},&quot;jet_parallax_layout_speed&quot;:{&quot;unit&quot;:&quot;%&quot;,&quot;size&quot;:50,&quot;sizes&quot;:[]},&quot;jet_parallax_layout_type&quot;:&quot;scroll&quot;,&quot;jet_parallax_layout_direction&quot;:&quot;1&quot;,&quot;jet_parallax_layout_fx_direction&quot;:null,&quot;jet_parallax_layout_z_index&quot;:&quot;&quot;,&quot;jet_parallax_layout_bg_x&quot;:50,&quot;jet_parallax_layout_bg_x_tablet&quot;:&quot;&quot;,&quot;jet_parallax_layout_bg_x_mobile&quot;:&quot;&quot;,&quot;jet_parallax_layout_bg_y&quot;:50,&quot;jet_parallax_layout_bg_y_tablet&quot;:&quot;&quot;,&quot;jet_parallax_layout_bg_y_mobile&quot;:&quot;&quot;,&quot;jet_parallax_layout_bg_size&quot;:&quot;auto&quot;,&quot;jet_parallax_layout_bg_size_tablet&quot;:&quot;&quot;,&quot;jet_parallax_layout_bg_size_mobile&quot;:&quot;&quot;,&quot;jet_parallax_layout_animation_prop&quot;:&quot;transform&quot;,&quot;jet_parallax_layout_on&quot;:[&quot;desktop&quot;,&quot;tablet&quot;]}]}\">\n\t\t\t\t\t\t<div class=\"elementor-container elementor-column-gap-no\">\n\t\t\t\t\t<div class=\"elementor-column elementor-col-100 elementor-top-column elementor-element elementor-element-1ad713c1\" data-id=\"1ad713c1\" data-element_type=\"column\" data-e-type=\"column\">\n\t\t\t<div class=\"elementor-widget-wrap elementor-element-populated\">\n\t\t\t\t\t\t<div class=\"elementor-element elementor-element-29d6246f heading-offset elementor-widget elementor-widget-heading\" data-id=\"29d6246f\" data-element_type=\"widget\" data-e-type=\"widget\" data-widget_type=\"heading.default\">\n\t\t\t\t<div class=\"elementor-widget-container\">\n\t\t\t\t\t<h2 class=\"elementor-heading-title elementor-size-default\">Insights + Trends<\/h2>\t\t\t\t<\/div>\n\t\t\t\t<\/div>\n\t\t\t\t\t<\/div>\n\t\t<\/div>\n\t\t\t\t\t<\/div>\n\t\t<\/section>\n\t\t\t\t<\/div>\n\t\t","protected":false},"excerpt":{"rendered":"<p>Bibliotheca particip\u00f3 por quinta vez en la FIL Guadalajara, acerc\u00e1ndose a m\u00e1s bibliotecas de LATAM junto a sus partners y destacando Hublet como soluci\u00f3n l\u00edder.<\/p>\n","protected":false},"author":31,"featured_media":112469,"comment_status":"closed","ping_status":"closed","sticky":false,"template":"","format":"standard","meta":{"content-type":"","footnotes":""},"categories":[206,304],"tags":[],"class_list":["post-112472","post","type-post","status-publish","format-standard","has-post-thumbnail","hentry","category-blog","category-events"],"_links":{"self":[{"href":"https:\/\/www.bibliotheca.com\/es-la\/wp-json\/wp\/v2\/posts\/112472","targetHints":{"allow":["GET"]}}],"collection":[{"href":"https:\/\/www.bibliotheca.com\/es-la\/wp-json\/wp\/v2\/posts"}],"about":[{"href":"https:\/\/www.bibliotheca.com\/es-la\/wp-json\/wp\/v2\/types\/post"}],"author":[{"embeddable":true,"href":"https:\/\/www.bibliotheca.com\/es-la\/wp-json\/wp\/v2\/users\/31"}],"replies":[{"embeddable":true,"href":"https:\/\/www.bibliotheca.com\/es-la\/wp-json\/wp\/v2\/comments?post=112472"}],"version-history":[{"count":0,"href":"https:\/\/www.bibliotheca.com\/es-la\/wp-json\/wp\/v2\/posts\/112472\/revisions"}],"wp:featuredmedia":[{"embeddable":true,"href":"https:\/\/www.bibliotheca.com\/es-la\/wp-json\/wp\/v2\/media\/112469"}],"wp:attachment":[{"href":"https:\/\/www.bibliotheca.com\/es-la\/wp-json\/wp\/v2\/media?parent=112472"}],"wp:term":[{"taxonomy":"category","embeddable":true,"href":"https:\/\/www.bibliotheca.com\/es-la\/wp-json\/wp\/v2\/categories?post=112472"},{"taxonomy":"post_tag","embeddable":true,"href":"https:\/\/www.bibliotheca.com\/es-la\/wp-json\/wp\/v2\/tags?post=112472"}],"curies":[{"name":"wp","href":"https:\/\/api.w.org\/{rel}","templated":true}]}}