{"id":94210,"date":"2025-05-05T20:52:28","date_gmt":"2025-05-05T20:52:28","guid":{"rendered":"https:\/\/bibliostaged.wpengine.com\/?p=94210"},"modified":"2025-05-15T15:38:46","modified_gmt":"2025-05-15T15:38:46","slug":"futuro-de-las-bibliotecas-en-chile","status":"publish","type":"post","link":"https:\/\/www.bibliotheca.com\/es-la\/futuro-de-las-bibliotecas-en-chile\/","title":{"rendered":"Conect\u00e1mos con el futuro de las bibliotecas en Chile"},"content":{"rendered":"\t\t<div data-elementor-type=\"wp-post\" data-elementor-id=\"94210\" class=\"elementor elementor-94210\" data-elementor-post-type=\"post\">\n\t\t\t\t\t\t<section class=\"elementor-section elementor-top-section elementor-element elementor-element-60fad5de elementor-section-full_width elementor-section-height-default elementor-section-height-default\" data-id=\"60fad5de\" data-element_type=\"section\" data-e-type=\"section\" data-settings=\"{&quot;jet_parallax_layout_list&quot;:[{&quot;jet_parallax_layout_image&quot;:{&quot;url&quot;:&quot;&quot;,&quot;id&quot;:&quot;&quot;,&quot;size&quot;:&quot;&quot;},&quot;_id&quot;:&quot;e10cdb8&quot;,&quot;jet_parallax_layout_image_tablet&quot;:{&quot;url&quot;:&quot;&quot;,&quot;id&quot;:&quot;&quot;,&quot;size&quot;:&quot;&quot;},&quot;jet_parallax_layout_image_mobile&quot;:{&quot;url&quot;:&quot;&quot;,&quot;id&quot;:&quot;&quot;,&quot;size&quot;:&quot;&quot;},&quot;jet_parallax_layout_speed&quot;:{&quot;unit&quot;:&quot;%&quot;,&quot;size&quot;:50,&quot;sizes&quot;:[]},&quot;jet_parallax_layout_type&quot;:&quot;scroll&quot;,&quot;jet_parallax_layout_direction&quot;:&quot;1&quot;,&quot;jet_parallax_layout_fx_direction&quot;:null,&quot;jet_parallax_layout_z_index&quot;:&quot;&quot;,&quot;jet_parallax_layout_bg_x&quot;:50,&quot;jet_parallax_layout_bg_x_tablet&quot;:&quot;&quot;,&quot;jet_parallax_layout_bg_x_mobile&quot;:&quot;&quot;,&quot;jet_parallax_layout_bg_y&quot;:50,&quot;jet_parallax_layout_bg_y_tablet&quot;:&quot;&quot;,&quot;jet_parallax_layout_bg_y_mobile&quot;:&quot;&quot;,&quot;jet_parallax_layout_bg_size&quot;:&quot;auto&quot;,&quot;jet_parallax_layout_bg_size_tablet&quot;:&quot;&quot;,&quot;jet_parallax_layout_bg_size_mobile&quot;:&quot;&quot;,&quot;jet_parallax_layout_animation_prop&quot;:&quot;transform&quot;,&quot;jet_parallax_layout_on&quot;:[&quot;desktop&quot;,&quot;tablet&quot;]}]}\">\n\t\t\t\t\t\t<div class=\"elementor-container elementor-column-gap-no\">\n\t\t\t\t\t<div class=\"elementor-column elementor-col-100 elementor-top-column elementor-element elementor-element-44d0e59f\" data-id=\"44d0e59f\" data-element_type=\"column\" data-e-type=\"column\">\n\t\t\t<div class=\"elementor-widget-wrap elementor-element-populated\">\n\t\t\t\t\t\t<div class=\"elementor-element elementor-element-3aa4aec1 hero hero-post hero-sub hero-content-dark hero-product elementor-cta--layout-image-left elementor-cta--mobile-layout-image-above elementor-cta--skin-classic elementor-animated-content elementor-widget elementor-widget-call-to-action\" data-id=\"3aa4aec1\" data-element_type=\"widget\" data-e-type=\"widget\" data-widget_type=\"call-to-action.default\">\n\t\t\t\t<div class=\"elementor-widget-container\">\n\t\t\t\t\t\t\t<div class=\"elementor-cta\">\n\t\t\t\t\t<div class=\"elementor-cta__bg-wrapper\">\n\t\t\t\t<div class=\"elementor-cta__bg elementor-bg\" style=\"background-image: url(https:\/\/www.bibliotheca.com\/wp-content\/uploads\/WhatsApp-Image-2025-04-24-at-1.18.44-PM.jpeg);\" role=\"img\" aria-label=\"Equipo de Bibliotheca junto a su partner Digital G+ en el stand del 11\u00b0 Congreso de Bibliotecas Universitarias y Especializadas en Chile.\"><\/div>\n\t\t\t\t<div class=\"elementor-cta__bg-overlay\"><\/div>\n\t\t\t<\/div>\n\t\t\t\t\t\t\t<div class=\"elementor-cta__content\">\n\t\t\t\t\n\t\t\t\t\t\t\t\t\t<div class=\"elementor-cta__title elementor-cta__content-item elementor-content-item\">\n\t\t\t\t\t\t<a href=\"https:\/\/www.bibliotheca.com\/es-la\/category\/blog\/\" rel=\"tag\">Blog<\/a>\t\t\t\t\t<\/div>\n\t\t\t\t\n\t\t\t\t\t\t\t\t\t<div class=\"elementor-cta__description elementor-cta__content-item elementor-content-item\">\n\t\t\t\t\t\tConect\u00e1mos con el futuro de las bibliotecas en Chile\t\t\t\t\t<\/div>\n\t\t\t\t\n\t\t\t\t\t\t\t<\/div>\n\t\t\t\t\t\t<\/div>\n\t\t\t\t\t\t<\/div>\n\t\t\t\t<\/div>\n\t\t\t\t\t<\/div>\n\t\t<\/div>\n\t\t\t\t\t<\/div>\n\t\t<\/section>\n\t\t\t\t<section class=\"elementor-section elementor-top-section elementor-element elementor-element-fed8bc3 elementor-section-full_width content-video-contained bb-1 elementor-section-height-default elementor-section-height-default\" data-id=\"fed8bc3\" data-element_type=\"section\" data-e-type=\"section\" data-settings=\"{&quot;jet_parallax_layout_list&quot;:[{&quot;jet_parallax_layout_image&quot;:{&quot;url&quot;:&quot;&quot;,&quot;id&quot;:&quot;&quot;,&quot;size&quot;:&quot;&quot;},&quot;_id&quot;:&quot;023c89a&quot;,&quot;jet_parallax_layout_image_tablet&quot;:{&quot;url&quot;:&quot;&quot;,&quot;id&quot;:&quot;&quot;,&quot;size&quot;:&quot;&quot;},&quot;jet_parallax_layout_image_mobile&quot;:{&quot;url&quot;:&quot;&quot;,&quot;id&quot;:&quot;&quot;,&quot;size&quot;:&quot;&quot;},&quot;jet_parallax_layout_speed&quot;:{&quot;unit&quot;:&quot;%&quot;,&quot;size&quot;:50,&quot;sizes&quot;:[]},&quot;jet_parallax_layout_type&quot;:&quot;scroll&quot;,&quot;jet_parallax_layout_direction&quot;:&quot;1&quot;,&quot;jet_parallax_layout_fx_direction&quot;:null,&quot;jet_parallax_layout_z_index&quot;:&quot;&quot;,&quot;jet_parallax_layout_bg_x&quot;:50,&quot;jet_parallax_layout_bg_x_tablet&quot;:&quot;&quot;,&quot;jet_parallax_layout_bg_x_mobile&quot;:&quot;&quot;,&quot;jet_parallax_layout_bg_y&quot;:50,&quot;jet_parallax_layout_bg_y_tablet&quot;:&quot;&quot;,&quot;jet_parallax_layout_bg_y_mobile&quot;:&quot;&quot;,&quot;jet_parallax_layout_bg_size&quot;:&quot;auto&quot;,&quot;jet_parallax_layout_bg_size_tablet&quot;:&quot;&quot;,&quot;jet_parallax_layout_bg_size_mobile&quot;:&quot;&quot;,&quot;jet_parallax_layout_animation_prop&quot;:&quot;transform&quot;,&quot;jet_parallax_layout_on&quot;:[&quot;desktop&quot;,&quot;tablet&quot;]}]}\">\n\t\t\t\t\t\t<div class=\"elementor-container elementor-column-gap-no\">\n\t\t\t\t\t<div class=\"elementor-column elementor-col-100 elementor-top-column elementor-element elementor-element-535d34f6 column-narrow\" data-id=\"535d34f6\" data-element_type=\"column\" data-e-type=\"column\">\n\t\t\t<div class=\"elementor-widget-wrap elementor-element-populated\">\n\t\t\t\t\t\t<div class=\"elementor-element elementor-element-542e3e9e elementor-widget elementor-widget-text-editor\" data-id=\"542e3e9e\" data-element_type=\"widget\" data-e-type=\"widget\" data-widget_type=\"text-editor.default\">\n\t\t\t\t<div class=\"elementor-widget-container\">\n\t\t\t\t\t\t\t\t\t<p class=\"\" data-start=\"365\" data-end=\"836\">Bibliotheca, en colaboraci\u00f3n con su partner en Chile <strong data-start=\"418\" data-end=\"432\">Digital G+<\/strong>, estuvo presente en el <strong data-start=\"456\" data-end=\"519\">11\u00b0 Congreso de Bibliotecas Universitarias y Especializadas<\/strong>, organizado por la Direcci\u00f3n de Servicios de Informaci\u00f3n y Bibliotecas (SISIB) de la <strong data-start=\"731\" data-end=\"755\">Universidad de Chile<\/strong>. Este evento, uno de los encuentros m\u00e1s relevantes del sector bibliotecario acad\u00e9mico en la regi\u00f3n, reuni\u00f3 a profesionales y expertos de toda Latinoam\u00e9rica para compartir experiencias y explorar soluciones tecnol\u00f3gicas que transforman las bibliotecas del presente y el futuro.<\/p><p class=\"\" data-start=\"838\" data-end=\"1347\">Durante el Congreso, Bibliotheca present\u00f3 su portafolio de soluciones innovadoras para bibliotecas, destacando tecnolog\u00edas de autoservicio, retorno inteligente y su app <a href=\"https:\/\/hubs.la\/Q03kyBR10\" rel=\"noopener\"><strong data-start=\"1008\" data-end=\"1029\">cloudCheck mobile, <\/strong><\/a>herramientas digitales que ya est\u00e1n transformando las experiencias bibliotecarias en universidades e instituciones de la regi\u00f3n.<\/p><p class=\"\" data-start=\"838\" data-end=\"1347\">Asimismo, se present\u00f3 por primera vez en Latinoam\u00e9rica la soluci\u00f3n <a href=\"https:\/\/info.bibliotheca.com\/en-sg\/hublet_tablets_es\" rel=\"noopener\"><strong>Hublet<\/strong><\/a>, un sistema de pr\u00e9stamo de tabletas que permite a los usuarios acceder a contenidos digitales de forma aut\u00f3noma y segura, que adem\u00e1s es una alternativa flexible para ampliar el acceso a recursos digitales.<\/p>\t\t\t\t\t\t\t\t<\/div>\n\t\t\t\t<\/div>\n\t\t\t\t<div class=\"elementor-element elementor-element-488a433a elementor-widget elementor-widget-image\" data-id=\"488a433a\" data-element_type=\"widget\" data-e-type=\"widget\" data-widget_type=\"image.default\">\n\t\t\t\t<div class=\"elementor-widget-container\">\n\t\t\t\t\t\t\t\t\t\t\t\t\t\t\t<img fetchpriority=\"high\" decoding=\"async\" width=\"800\" height=\"1000\" src=\"https:\/\/www.bibliotheca.com\/wp-content\/uploads\/Hublet-Chile-819x1024.png\" class=\"attachment-large size-large wp-image-94228\" alt=\"Mujer sostiene una tableta Hublet en el 11\u00b0 Congreso de Bibliotecas Universitarias y Especializadas en Chile\" srcset=\"https:\/\/www.bibliotheca.com\/wp-content\/uploads\/Hublet-Chile-819x1024.png 819w, https:\/\/www.bibliotheca.com\/wp-content\/uploads\/Hublet-Chile-240x300.png 240w, https:\/\/www.bibliotheca.com\/wp-content\/uploads\/Hublet-Chile-768x960.png 768w, https:\/\/www.bibliotheca.com\/wp-content\/uploads\/Hublet-Chile.png 1080w\" sizes=\"(max-width: 800px) 100vw, 800px\" title=\"\">\t\t\t\t\t\t\t\t\t\t\t\t\t\t\t<\/div>\n\t\t\t\t<\/div>\n\t\t\t\t<div class=\"elementor-element elementor-element-37ba5198 elementor-widget-divider--view-line elementor-invisible elementor-widget elementor-widget-divider\" data-id=\"37ba5198\" data-element_type=\"widget\" data-e-type=\"widget\" data-settings=\"{&quot;_animation&quot;:&quot;fadeInDown&quot;}\" data-widget_type=\"divider.default\">\n\t\t\t\t<div class=\"elementor-widget-container\">\n\t\t\t\t\t\t\t<div class=\"elementor-divider\">\n\t\t\t<span class=\"elementor-divider-separator\">\n\t\t\t\t\t\t<\/span>\n\t\t<\/div>\n\t\t\t\t\t\t<\/div>\n\t\t\t\t<\/div>\n\t\t\t\t<div class=\"elementor-element elementor-element-4a20ee0b elementor-widget elementor-widget-text-editor\" data-id=\"4a20ee0b\" data-element_type=\"widget\" data-e-type=\"widget\" data-widget_type=\"text-editor.default\">\n\t\t\t\t<div class=\"elementor-widget-container\">\n\t\t\t\t\t\t\t\t\t<p class=\"\" data-start=\"1349\" data-end=\"1670\">La participaci\u00f3n en este congreso reafirma el compromiso de Bibliotheca con el desarrollo y la modernizaci\u00f3n del ecosistema bibliotecario en Latinoam\u00e9rica, de tal forma que cada vez m\u00e1s instituciones de la regi\u00f3n conf\u00edan en las soluciones de Bibliotheca para mejorar la experiencia de sus usuarios y optimizar la gesti\u00f3n de sus servicios.<\/p><p class=\"\" data-start=\"1672\" data-end=\"1916\"><strong data-start=\"1672\" data-end=\"1916\">Con una presencia creciente en universidades, bibliotecas p\u00fablicas y especializadas, Bibliotheca se consolida como un aliado estrat\u00e9gico para las instituciones que buscan innovar, avanzar y liderar el futuro de las bibliotecas en Latinoam\u00e9rica.<\/strong><\/p>\t\t\t\t\t\t\t\t<\/div>\n\t\t\t\t<\/div>\n\t\t\t\t<div class=\"elementor-element elementor-element-3a2c5d7d image-gallery elementor-widget elementor-widget-gallery\" data-id=\"3a2c5d7d\" data-element_type=\"widget\" data-e-type=\"widget\" data-settings=\"{&quot;columns&quot;:2,&quot;gallery_layout&quot;:&quot;masonry&quot;,&quot;lazyload&quot;:&quot;yes&quot;,&quot;columns_tablet&quot;:2,&quot;columns_mobile&quot;:1,&quot;gap&quot;:{&quot;unit&quot;:&quot;px&quot;,&quot;size&quot;:10,&quot;sizes&quot;:[]},&quot;gap_tablet&quot;:{&quot;unit&quot;:&quot;px&quot;,&quot;size&quot;:10,&quot;sizes&quot;:[]},&quot;gap_mobile&quot;:{&quot;unit&quot;:&quot;px&quot;,&quot;size&quot;:10,&quot;sizes&quot;:[]},&quot;link_to&quot;:&quot;file&quot;,&quot;overlay_background&quot;:&quot;yes&quot;,&quot;content_hover_animation&quot;:&quot;fade-in&quot;}\" data-widget_type=\"gallery.default\">\n\t\t\t\t<div class=\"elementor-widget-container\">\n\t\t\t\t\t\t\t<div class=\"elementor-gallery__container\">\n\t\t\t\t\t\t\t<a class=\"e-gallery-item elementor-gallery-item elementor-animated-content\" href=\"https:\/\/www.bibliotheca.com\/wp-content\/uploads\/WhatsApp-Image-2025-04-24-at-7.29.13-PM-scaled.jpeg\" data-elementor-open-lightbox=\"yes\" data-elementor-lightbox-slideshow=\"3a2c5d7d\" data-elementor-lightbox-title=\"WhatsApp Image 2025-04-24 at 7.29.13 PM\" data-elementor-lightbox-description=\"Imagen del equipo de Bibliotheca conectando con la comunidad bibliotecaria latinoamericana durante el evento en la Universidad de Chile.\" data-e-action-hash=\"#elementor-action%3Aaction%3Dlightbox%26settings%3DeyJpZCI6OTQyOTksInVybCI6Imh0dHBzOlwvXC93d3cuYmlibGlvdGhlY2EuY29tXC93cC1jb250ZW50XC91cGxvYWRzXC9XaGF0c0FwcC1JbWFnZS0yMDI1LTA0LTI0LWF0LTcuMjkuMTMtUE0tc2NhbGVkLmpwZWciLCJzbGlkZXNob3ciOiIzYTJjNWQ3ZCJ9\">\n\t\t\t\t\t<div class=\"e-gallery-image elementor-gallery-item__image\" data-thumbnail=\"https:\/\/www.bibliotheca.com\/wp-content\/uploads\/WhatsApp-Image-2025-04-24-at-7.29.13-PM-693x1024.jpeg\" data-width=\"693\" data-height=\"1024\" aria-label=\"Representantes de Bibliotheca en el Congreso de Bibliotecas Universitarias en Chile\" role=\"img\" ><\/div>\n\t\t\t\t\t\t\t\t\t\t\t<div class=\"elementor-gallery-item__overlay\"><\/div>\n\t\t\t\t\t\t\t\t\t\t\t\t\t\t<\/a>\n\t\t\t\t\t\t\t<a class=\"e-gallery-item elementor-gallery-item elementor-animated-content\" href=\"https:\/\/www.bibliotheca.com\/wp-content\/uploads\/WhatsApp-Image-2025-05-05-at-3.28.59-PM.jpeg\" data-elementor-open-lightbox=\"yes\" data-elementor-lightbox-slideshow=\"3a2c5d7d\" data-elementor-lightbox-title=\"WhatsApp Image 2025-05-05 at 3.28.59 PM\" data-elementor-lightbox-description=\"Imagen del stand de Bibliotheca mostrando el selfCheck 3000, una soluci\u00f3n moderna y personalizable para bibliotecas acad\u00e9micas en Am\u00e9rica Latina.\" data-e-action-hash=\"#elementor-action%3Aaction%3Dlightbox%26settings%3DeyJpZCI6OTQzMTQsInVybCI6Imh0dHBzOlwvXC93d3cuYmlibGlvdGhlY2EuY29tXC93cC1jb250ZW50XC91cGxvYWRzXC9XaGF0c0FwcC1JbWFnZS0yMDI1LTA1LTA1LWF0LTMuMjguNTktUE0uanBlZyIsInNsaWRlc2hvdyI6IjNhMmM1ZDdkIn0%3D\">\n\t\t\t\t\t<div class=\"e-gallery-image elementor-gallery-item__image\" data-thumbnail=\"https:\/\/www.bibliotheca.com\/wp-content\/uploads\/WhatsApp-Image-2025-05-05-at-3.28.59-PM-768x1024.jpeg\" data-width=\"768\" data-height=\"1024\" aria-label=\"Representante de Bibliotheca conversa sobre el selfCheck 3000 con una visitante en el Congreso de Bibliotecas\" role=\"img\" ><\/div>\n\t\t\t\t\t\t\t\t\t\t\t<div class=\"elementor-gallery-item__overlay\"><\/div>\n\t\t\t\t\t\t\t\t\t\t\t\t\t\t<\/a>\n\t\t\t\t\t\t\t<a class=\"e-gallery-item elementor-gallery-item elementor-animated-content\" href=\"https:\/\/www.bibliotheca.com\/wp-content\/uploads\/WhatsApp-Image-2025-04-24-at-7.27.37-PM-1.jpeg\" data-elementor-open-lightbox=\"yes\" data-elementor-lightbox-slideshow=\"3a2c5d7d\" data-elementor-lightbox-title=\"WhatsApp Image 2025-04-24 at 7.27.37 PM (1)\" data-elementor-lightbox-description=\"Fotograf\u00eda tomada en el 11\u00b0 Congreso de Bibliotecas Universitarias y Especializadas, mostrando el stand de Bibliotheca donde se presentan el selfCheck 3000 y Hublet como soluciones innovadoras para bibliotecas acad\u00e9micas.\" data-e-action-hash=\"#elementor-action%3Aaction%3Dlightbox%26settings%3DeyJpZCI6OTQyODQsInVybCI6Imh0dHBzOlwvXC93d3cuYmlibGlvdGhlY2EuY29tXC93cC1jb250ZW50XC91cGxvYWRzXC9XaGF0c0FwcC1JbWFnZS0yMDI1LTA0LTI0LWF0LTcuMjcuMzctUE0tMS5qcGVnIiwic2xpZGVzaG93IjoiM2EyYzVkN2QifQ%3D%3D\">\n\t\t\t\t\t<div class=\"e-gallery-image elementor-gallery-item__image\" data-thumbnail=\"https:\/\/www.bibliotheca.com\/wp-content\/uploads\/WhatsApp-Image-2025-04-24-at-7.27.37-PM-1-1024x816.jpeg\" data-width=\"800\" data-height=\"638\" aria-label=\"Representantes de Bibliotheca comparten soluciones tecnol\u00f3gicas con asistentes del Congreso de Bibliotecas en Chile\" role=\"img\" ><\/div>\n\t\t\t\t\t\t\t\t\t\t\t<div class=\"elementor-gallery-item__overlay\"><\/div>\n\t\t\t\t\t\t\t\t\t\t\t\t\t\t<\/a>\n\t\t\t\t\t\t\t<a class=\"e-gallery-item elementor-gallery-item elementor-animated-content\" href=\"https:\/\/www.bibliotheca.com\/wp-content\/uploads\/WhatsApp-Image-2025-04-24-at-7.27.36-PM.jpeg\" data-elementor-open-lightbox=\"yes\" data-elementor-lightbox-slideshow=\"3a2c5d7d\" data-elementor-lightbox-title=\"WhatsApp Image 2025-04-24 at 7.27.36 PM\" data-elementor-lightbox-description=\"Imagen panor\u00e1mica del sal\u00f3n principal durante el 11\u00b0 Congreso de Bibliotecas Universitarias y Especializadas, destacando la participaci\u00f3n activa de bibliotecarios, editores y empresas del sector.\" data-e-action-hash=\"#elementor-action%3Aaction%3Dlightbox%26settings%3DeyJpZCI6OTQyNjksInVybCI6Imh0dHBzOlwvXC93d3cuYmlibGlvdGhlY2EuY29tXC93cC1jb250ZW50XC91cGxvYWRzXC9XaGF0c0FwcC1JbWFnZS0yMDI1LTA0LTI0LWF0LTcuMjcuMzYtUE0uanBlZyIsInNsaWRlc2hvdyI6IjNhMmM1ZDdkIn0%3D\">\n\t\t\t\t\t<div class=\"e-gallery-image elementor-gallery-item__image\" data-thumbnail=\"https:\/\/www.bibliotheca.com\/wp-content\/uploads\/WhatsApp-Image-2025-04-24-at-7.27.36-PM-1024x770.jpeg\" data-width=\"800\" data-height=\"602\" aria-label=\"Asistentes recorren los stands del 11\u00b0 Congreso de Bibliotecas Universitarias y Especializadas en la Universidad de Chile\" role=\"img\" ><\/div>\n\t\t\t\t\t\t\t\t\t\t\t<div class=\"elementor-gallery-item__overlay\"><\/div>\n\t\t\t\t\t\t\t\t\t\t\t\t\t\t<\/a>\n\t\t\t\t\t<\/div>\n\t\t\t\t\t<\/div>\n\t\t\t\t<\/div>\n\t\t\t\t<div class=\"elementor-element elementor-element-266d1921 elementor-widget-divider--view-line elementor-widget elementor-widget-divider\" data-id=\"266d1921\" data-element_type=\"widget\" data-e-type=\"widget\" data-widget_type=\"divider.default\">\n\t\t\t\t<div class=\"elementor-widget-container\">\n\t\t\t\t\t\t\t<div class=\"elementor-divider\">\n\t\t\t<span class=\"elementor-divider-separator\">\n\t\t\t\t\t\t<\/span>\n\t\t<\/div>\n\t\t\t\t\t\t<\/div>\n\t\t\t\t<\/div>\n\t\t\t\t<div class=\"elementor-element elementor-element-496b1f08 elementor-invisible elementor-widget elementor-widget-heading\" data-id=\"496b1f08\" data-element_type=\"widget\" data-e-type=\"widget\" data-settings=\"{&quot;_animation&quot;:&quot;fadeIn&quot;}\" data-widget_type=\"heading.default\">\n\t\t\t\t<div class=\"elementor-widget-container\">\n\t\t\t\t\t<h5 class=\"elementor-heading-title elementor-size-medium\">Si deseas recibir asesor\u00eda y saber m\u00e1s sobre Bibliotheca, cont\u00e1ctanos.<\/h5>\t\t\t\t<\/div>\n\t\t\t\t<\/div>\n\t\t\t\t<div class=\"elementor-element elementor-element-6152ada elementor-widget elementor-widget-button\" data-id=\"6152ada\" data-element_type=\"widget\" data-e-type=\"widget\" data-widget_type=\"button.default\">\n\t\t\t\t<div class=\"elementor-widget-container\">\n\t\t\t\t\t\t\t\t\t<div class=\"elementor-button-wrapper\">\n\t\t\t\t\t<a class=\"elementor-button elementor-button-link elementor-size-sm\" href=\"https:\/\/info.bibliotheca.com\/es\/contact-us\" rel=\"noopener\">\n\t\t\t\t\t\t<span class=\"elementor-button-content-wrapper\">\n\t\t\t\t\t\t\t\t\t<span class=\"elementor-button-text\">Clic aqu\u00ed<\/span>\n\t\t\t\t\t<\/span>\n\t\t\t\t\t<\/a>\n\t\t\t\t<\/div>\n\t\t\t\t\t\t\t\t<\/div>\n\t\t\t\t<\/div>\n\t\t\t\t\t<\/div>\n\t\t<\/div>\n\t\t\t\t\t<\/div>\n\t\t<\/section>\n\t\t\t\t<section class=\"elementor-section elementor-top-section elementor-element elementor-element-4f2ae8b2 elementor-section-full_width content-icon-sub-header bt-thick elementor-section-height-default elementor-section-height-default\" data-id=\"4f2ae8b2\" data-element_type=\"section\" data-e-type=\"section\" data-settings=\"{&quot;jet_parallax_layout_list&quot;:[{&quot;jet_parallax_layout_image&quot;:{&quot;url&quot;:&quot;&quot;,&quot;id&quot;:&quot;&quot;,&quot;size&quot;:&quot;&quot;},&quot;_id&quot;:&quot;023c89a&quot;,&quot;jet_parallax_layout_image_tablet&quot;:{&quot;url&quot;:&quot;&quot;,&quot;id&quot;:&quot;&quot;,&quot;size&quot;:&quot;&quot;},&quot;jet_parallax_layout_image_mobile&quot;:{&quot;url&quot;:&quot;&quot;,&quot;id&quot;:&quot;&quot;,&quot;size&quot;:&quot;&quot;},&quot;jet_parallax_layout_speed&quot;:{&quot;unit&quot;:&quot;%&quot;,&quot;size&quot;:50,&quot;sizes&quot;:[]},&quot;jet_parallax_layout_type&quot;:&quot;scroll&quot;,&quot;jet_parallax_layout_direction&quot;:&quot;1&quot;,&quot;jet_parallax_layout_fx_direction&quot;:null,&quot;jet_parallax_layout_z_index&quot;:&quot;&quot;,&quot;jet_parallax_layout_bg_x&quot;:50,&quot;jet_parallax_layout_bg_x_tablet&quot;:&quot;&quot;,&quot;jet_parallax_layout_bg_x_mobile&quot;:&quot;&quot;,&quot;jet_parallax_layout_bg_y&quot;:50,&quot;jet_parallax_layout_bg_y_tablet&quot;:&quot;&quot;,&quot;jet_parallax_layout_bg_y_mobile&quot;:&quot;&quot;,&quot;jet_parallax_layout_bg_size&quot;:&quot;auto&quot;,&quot;jet_parallax_layout_bg_size_tablet&quot;:&quot;&quot;,&quot;jet_parallax_layout_bg_size_mobile&quot;:&quot;&quot;,&quot;jet_parallax_layout_animation_prop&quot;:&quot;transform&quot;,&quot;jet_parallax_layout_on&quot;:[&quot;desktop&quot;,&quot;tablet&quot;]}]}\">\n\t\t\t\t\t\t<div class=\"elementor-container elementor-column-gap-no\">\n\t\t\t\t\t<div class=\"elementor-column elementor-col-100 elementor-top-column elementor-element elementor-element-69a34a8d\" data-id=\"69a34a8d\" data-element_type=\"column\" data-e-type=\"column\">\n\t\t\t<div class=\"elementor-widget-wrap elementor-element-populated\">\n\t\t\t\t\t\t<div class=\"elementor-element elementor-element-42a23a19 elementor-widget elementor-widget-image\" data-id=\"42a23a19\" data-element_type=\"widget\" data-e-type=\"widget\" data-widget_type=\"image.default\">\n\t\t\t\t<div class=\"elementor-widget-container\">\n\t\t\t\t\t\t\t\t\t\t\t\t\t\t\t<img decoding=\"async\" src=\"https:\/\/www.bibliotheca.com\/wp-content\/uploads\/icon-open-book.svg\" title=\"icon-open-book\" alt=\"icon-open-book\" loading=\"lazy\" \/>\t\t\t\t\t\t\t\t\t\t\t\t\t\t\t<\/div>\n\t\t\t\t<\/div>\n\t\t\t\t<div class=\"elementor-element elementor-element-5a299b93 elementor-widget elementor-widget-heading\" data-id=\"5a299b93\" data-element_type=\"widget\" data-e-type=\"widget\" data-widget_type=\"heading.default\">\n\t\t\t\t<div class=\"elementor-widget-container\">\n\t\t\t\t\t<h2 class=\"elementor-heading-title elementor-size-small\">Tambi\u00e9n podr\u00eda interesarle<\/h2>\t\t\t\t<\/div>\n\t\t\t\t<\/div>\n\t\t\t\t\t<\/div>\n\t\t<\/div>\n\t\t\t\t\t<\/div>\n\t\t<\/section>\n\t\t\t\t<section class=\"elementor-section elementor-top-section elementor-element elementor-element-5a5b682 elementor-section-full_width elementor-section-height-default elementor-section-height-default\" data-id=\"5a5b682\" data-element_type=\"section\" data-e-type=\"section\" data-settings=\"{&quot;jet_parallax_layout_list&quot;:[{&quot;jet_parallax_layout_image&quot;:{&quot;url&quot;:&quot;&quot;,&quot;id&quot;:&quot;&quot;,&quot;size&quot;:&quot;&quot;},&quot;_id&quot;:&quot;023c89a&quot;,&quot;jet_parallax_layout_image_tablet&quot;:{&quot;url&quot;:&quot;&quot;,&quot;id&quot;:&quot;&quot;,&quot;size&quot;:&quot;&quot;},&quot;jet_parallax_layout_image_mobile&quot;:{&quot;url&quot;:&quot;&quot;,&quot;id&quot;:&quot;&quot;,&quot;size&quot;:&quot;&quot;},&quot;jet_parallax_layout_speed&quot;:{&quot;unit&quot;:&quot;%&quot;,&quot;size&quot;:50,&quot;sizes&quot;:[]},&quot;jet_parallax_layout_type&quot;:&quot;scroll&quot;,&quot;jet_parallax_layout_direction&quot;:&quot;1&quot;,&quot;jet_parallax_layout_fx_direction&quot;:null,&quot;jet_parallax_layout_z_index&quot;:&quot;&quot;,&quot;jet_parallax_layout_bg_x&quot;:50,&quot;jet_parallax_layout_bg_x_tablet&quot;:&quot;&quot;,&quot;jet_parallax_layout_bg_x_mobile&quot;:&quot;&quot;,&quot;jet_parallax_layout_bg_y&quot;:50,&quot;jet_parallax_layout_bg_y_tablet&quot;:&quot;&quot;,&quot;jet_parallax_layout_bg_y_mobile&quot;:&quot;&quot;,&quot;jet_parallax_layout_bg_size&quot;:&quot;auto&quot;,&quot;jet_parallax_layout_bg_size_tablet&quot;:&quot;&quot;,&quot;jet_parallax_layout_bg_size_mobile&quot;:&quot;&quot;,&quot;jet_parallax_layout_animation_prop&quot;:&quot;transform&quot;,&quot;jet_parallax_layout_on&quot;:[&quot;desktop&quot;,&quot;tablet&quot;]}]}\">\n\t\t\t\t\t\t<div class=\"elementor-container elementor-column-gap-no\">\n\t\t\t\t\t<div class=\"elementor-column elementor-col-100 elementor-top-column elementor-element elementor-element-58619c2f\" data-id=\"58619c2f\" data-element_type=\"column\" data-e-type=\"column\">\n\t\t\t<div class=\"elementor-widget-wrap elementor-element-populated\">\n\t\t\t\t\t\t\t<\/div>\n\t\t<\/div>\n\t\t\t\t\t<\/div>\n\t\t<\/section>\n\t\t\t\t<section class=\"elementor-section elementor-top-section elementor-element elementor-element-32495b73 elementor-section-full_width elementor-section-height-default elementor-section-height-default\" data-id=\"32495b73\" data-element_type=\"section\" data-e-type=\"section\" data-settings=\"{&quot;jet_parallax_layout_list&quot;:[{&quot;jet_parallax_layout_image&quot;:{&quot;url&quot;:&quot;&quot;,&quot;id&quot;:&quot;&quot;,&quot;size&quot;:&quot;&quot;},&quot;_id&quot;:&quot;023c89a&quot;,&quot;jet_parallax_layout_image_tablet&quot;:{&quot;url&quot;:&quot;&quot;,&quot;id&quot;:&quot;&quot;,&quot;size&quot;:&quot;&quot;},&quot;jet_parallax_layout_image_mobile&quot;:{&quot;url&quot;:&quot;&quot;,&quot;id&quot;:&quot;&quot;,&quot;size&quot;:&quot;&quot;},&quot;jet_parallax_layout_speed&quot;:{&quot;unit&quot;:&quot;%&quot;,&quot;size&quot;:50,&quot;sizes&quot;:[]},&quot;jet_parallax_layout_type&quot;:&quot;scroll&quot;,&quot;jet_parallax_layout_direction&quot;:&quot;1&quot;,&quot;jet_parallax_layout_fx_direction&quot;:null,&quot;jet_parallax_layout_z_index&quot;:&quot;&quot;,&quot;jet_parallax_layout_bg_x&quot;:50,&quot;jet_parallax_layout_bg_x_tablet&quot;:&quot;&quot;,&quot;jet_parallax_layout_bg_x_mobile&quot;:&quot;&quot;,&quot;jet_parallax_layout_bg_y&quot;:50,&quot;jet_parallax_layout_bg_y_tablet&quot;:&quot;&quot;,&quot;jet_parallax_layout_bg_y_mobile&quot;:&quot;&quot;,&quot;jet_parallax_layout_bg_size&quot;:&quot;auto&quot;,&quot;jet_parallax_layout_bg_size_tablet&quot;:&quot;&quot;,&quot;jet_parallax_layout_bg_size_mobile&quot;:&quot;&quot;,&quot;jet_parallax_layout_animation_prop&quot;:&quot;transform&quot;,&quot;jet_parallax_layout_on&quot;:[&quot;desktop&quot;,&quot;tablet&quot;]}]}\">\n\t\t\t\t\t\t<div class=\"elementor-container elementor-column-gap-no\">\n\t\t\t\t\t<div class=\"elementor-column elementor-col-100 elementor-top-column elementor-element elementor-element-10544c05\" data-id=\"10544c05\" data-element_type=\"column\" data-e-type=\"column\">\n\t\t\t<div class=\"elementor-widget-wrap elementor-element-populated\">\n\t\t\t\t\t\t<div class=\"elementor-element elementor-element-3e1c1392 heading-offset elementor-widget elementor-widget-heading\" data-id=\"3e1c1392\" data-element_type=\"widget\" data-e-type=\"widget\" data-widget_type=\"heading.default\">\n\t\t\t\t<div class=\"elementor-widget-container\">\n\t\t\t\t\t<h2 class=\"elementor-heading-title elementor-size-default\">Perspectivas y tendencias<\/h2>\t\t\t\t<\/div>\n\t\t\t\t<\/div>\n\t\t\t\t<div class=\"elementor-element elementor-element-1bce9be2 carousel carousel-image-left bt-1 bb-1 elementor-widget elementor-widget-jet-posts\" data-id=\"1bce9be2\" data-element_type=\"widget\" data-e-type=\"widget\" data-settings=\"{&quot;columns&quot;:&quot;1&quot;}\" data-widget_type=\"jet-posts.default\">\n\t\t\t\t<div class=\"elementor-widget-container\">\n\t\t\t\t\t<div class=\"elementor-jet-posts jet-elements\"><div class=\"jet-carousel elementor-slick-slider\" data-slider_options=\"{&quot;autoplaySpeed&quot;:5000,&quot;autoplay&quot;:true,&quot;infinite&quot;:true,&quot;pauseOnHover&quot;:false,&quot;speed&quot;:500,&quot;arrows&quot;:true,&quot;dots&quot;:true,&quot;slidesToScroll&quot;:1,&quot;prevArrow&quot;:&quot;.jet-posts__prev-arrow-1bce9be2&quot;,&quot;nextArrow&quot;:&quot;.jet-posts__next-arrow-1bce9be2&quot;,&quot;rtl&quot;:false,&quot;fade&quot;:false}\" dir=\"ltr\"><div class=\"jet-posts col-row  jet-equal-cols\"><div class=\"jet-posts__prev-arrow-1bce9be2 jet-arrow prev-arrow\"><i aria-hidden=\"true\" class=\"fas fa-arrow-left\"><\/i><\/div><div class=\"jet-posts__next-arrow-1bce9be2 jet-arrow next-arrow\"><i aria-hidden=\"true\" class=\"fas fa-arrow-right\"><\/i><\/div><div class=\"jet-posts__item\">\n\t<div class=\"jet-posts__inner-box\"><div class=\"post-thumbnail\"><a href=\"https:\/\/www.bibliotheca.com\/es-la\/ia-en-las-bibliotecas-retos\/\" class=\"post-thumbnail__link\"><img loading=\"lazy\" decoding=\"async\" class=\"post-thumbnail__img wp-post-image\" src=\"https:\/\/www.bibliotheca.com\/wp-content\/uploads\/AI-in-Libraries.webp\" alt=\"IA en las bibliotecas: qu\u00e9 ha cambiado y cu\u00e1les son los retos\" loading=\"lazy\" width=\"2120\" height=\"1414\" title=\"\"><\/a><\/div><div class=\"jet-posts__terms\"><a href=\"https:\/\/www.bibliotheca.com\/es-la\/category\/blog\/\" class=\"jet-posts__terms-link\">Blog<\/a><\/div><div class=\"jet-posts__inner-content\"><h4 class=\"entry-title\"><a href=\"https:\/\/www.bibliotheca.com\/es-la\/ia-en-las-bibliotecas-retos\/\" target=\"\">IA en las bibliotecas: qu\u00e9 ha cambiado y cu\u00e1les son los retos<\/a><\/h4><div class=\"entry-excerpt\">Desde los registros MARC hasta los modelos generativos, los sistemas bibliotecarios han evolucionado en las \u00faltimas d\u00e9cadas. Analizamos qu\u00e9 ha&hellip;<\/div><div class=\"jet-more-wrap\"><a href=\"https:\/\/www.bibliotheca.com\/es-la\/ia-en-las-bibliotecas-retos\/\" class=\"btn btn-primary elementor-button elementor-size-md jet-more\" target=\"\"><span class=\"btn__text\">Leer m\u00e1s<\/span><\/a><\/div><\/div><\/div>\n<\/div>\n<div class=\"jet-posts__item\">\n\t<div class=\"jet-posts__inner-box\"><div class=\"post-thumbnail\"><a href=\"https:\/\/www.bibliotheca.com\/es-la\/bibliotheca-partner-summit-2026\/\" class=\"post-thumbnail__link\"><img loading=\"lazy\" decoding=\"async\" class=\"post-thumbnail__img wp-post-image\" src=\"https:\/\/www.bibliotheca.com\/wp-content\/uploads\/Partner-Summit-ON-AIR-Bibliotheca-Group-Photo-at-Gabriel-Garcia-Marquez-Library.webp\" alt=\"Partner Summit ON AIR 2026: sintonizando el futuro de la innovaci\u00f3n bibliotecaria\" loading=\"lazy\" width=\"1330\" height=\"800\" title=\"\"><\/a><\/div><div class=\"jet-posts__terms\"><a href=\"https:\/\/www.bibliotheca.com\/es-la\/category\/blog\/\" class=\"jet-posts__terms-link\">Blog<\/a><\/div><div class=\"jet-posts__inner-content\"><h4 class=\"entry-title\"><a href=\"https:\/\/www.bibliotheca.com\/es-la\/bibliotheca-partner-summit-2026\/\" target=\"\">Partner Summit ON AIR 2026: sintonizando el futuro de la innovaci\u00f3n bibliotecaria<\/a><\/h4><div class=\"entry-excerpt\">Sintonizando el futuro: descubre la Partner Summit ON AIR 2026 en Barcelona, donde los partners de EMEA y Latinoam\u00e9rica se&hellip;<\/div><div class=\"jet-more-wrap\"><a href=\"https:\/\/www.bibliotheca.com\/es-la\/bibliotheca-partner-summit-2026\/\" class=\"btn btn-primary elementor-button elementor-size-md jet-more\" target=\"\"><span class=\"btn__text\">Leer m\u00e1s<\/span><\/a><\/div><\/div><\/div>\n<\/div>\n<div class=\"jet-posts__item\">\n\t<div class=\"jet-posts__inner-box\"><div class=\"post-thumbnail\"><a href=\"https:\/\/www.bibliotheca.com\/es-la\/bibliotheca-anade-insights-de-ia-y-una-aplicacion-movil-a-su-plataforma-de-gestion-para-bibliotecas\/\" class=\"post-thumbnail__link\"><img loading=\"lazy\" decoding=\"async\" class=\"post-thumbnail__img wp-post-image\" src=\"https:\/\/www.bibliotheca.com\/wp-content\/uploads\/libraryConnect-LINK_Banner-scaled.jpg\" alt=\"Bibliotheca a\u00f1ade insights de IA y una aplicaci\u00f3n m\u00f3vil a su plataforma de gesti\u00f3n para bibliotecas\" loading=\"lazy\" width=\"2560\" height=\"1600\" title=\"\"><\/a><\/div><div class=\"jet-posts__terms\"><a href=\"https:\/\/www.bibliotheca.com\/es-la\/category\/blog\/\" class=\"jet-posts__terms-link\">Blog<\/a><\/div><div class=\"jet-posts__inner-content\"><h4 class=\"entry-title\"><a href=\"https:\/\/www.bibliotheca.com\/es-la\/bibliotheca-anade-insights-de-ia-y-una-aplicacion-movil-a-su-plataforma-de-gestion-para-bibliotecas\/\" target=\"\">Bibliotheca a\u00f1ade insights de IA y una aplicaci\u00f3n m\u00f3vil a su plataforma de gesti\u00f3n para bibliotecas<\/a><\/h4><div class=\"entry-excerpt\">La nueva aplicaci\u00f3n LINK y los insights de IA ampl\u00edan la forma en que las bibliotecas supervisan sistemas, resuelven problemas&hellip;<\/div><div class=\"jet-more-wrap\"><a href=\"https:\/\/www.bibliotheca.com\/es-la\/bibliotheca-anade-insights-de-ia-y-una-aplicacion-movil-a-su-plataforma-de-gestion-para-bibliotecas\/\" class=\"btn btn-primary elementor-button elementor-size-md jet-more\" target=\"\"><span class=\"btn__text\">Leer m\u00e1s<\/span><\/a><\/div><\/div><\/div>\n<\/div>\n<\/div>\n<\/div><\/div>\t\t\t\t<\/div>\n\t\t\t\t<\/div>\n\t\t\t\t<div class=\"elementor-element elementor-element-6e4d00 elementor-widget elementor-widget-spacer\" data-id=\"6e4d00\" data-element_type=\"widget\" data-e-type=\"widget\" data-widget_type=\"spacer.default\">\n\t\t\t\t<div class=\"elementor-widget-container\">\n\t\t\t\t\t\t\t<div class=\"elementor-spacer\">\n\t\t\t<div class=\"elementor-spacer-inner\"><\/div>\n\t\t<\/div>\n\t\t\t\t\t\t<\/div>\n\t\t\t\t<\/div>\n\t\t\t\t\t<\/div>\n\t\t<\/div>\n\t\t\t\t\t<\/div>\n\t\t<\/section>\n\t\t\t\t<\/div>\n\t\t","protected":false},"excerpt":{"rendered":"<p>Bibliotheca y Digital G+ presentaron innovaci\u00f3n tecnol\u00f3gica para bibliotecas en el Congreso Universitario en Chile, destacando soluciones como Hublet y cloudCheck mobile<\/p>\n","protected":false},"author":31,"featured_media":94211,"comment_status":"closed","ping_status":"closed","sticky":false,"template":"","format":"standard","meta":{"content-type":"","footnotes":""},"categories":[206],"tags":[],"class_list":["post-94210","post","type-post","status-publish","format-standard","has-post-thumbnail","hentry","category-blog"],"_links":{"self":[{"href":"https:\/\/www.bibliotheca.com\/es-la\/wp-json\/wp\/v2\/posts\/94210","targetHints":{"allow":["GET"]}}],"collection":[{"href":"https:\/\/www.bibliotheca.com\/es-la\/wp-json\/wp\/v2\/posts"}],"about":[{"href":"https:\/\/www.bibliotheca.com\/es-la\/wp-json\/wp\/v2\/types\/post"}],"author":[{"embeddable":true,"href":"https:\/\/www.bibliotheca.com\/es-la\/wp-json\/wp\/v2\/users\/31"}],"replies":[{"embeddable":true,"href":"https:\/\/www.bibliotheca.com\/es-la\/wp-json\/wp\/v2\/comments?post=94210"}],"version-history":[{"count":0,"href":"https:\/\/www.bibliotheca.com\/es-la\/wp-json\/wp\/v2\/posts\/94210\/revisions"}],"wp:featuredmedia":[{"embeddable":true,"href":"https:\/\/www.bibliotheca.com\/es-la\/wp-json\/wp\/v2\/media\/94211"}],"wp:attachment":[{"href":"https:\/\/www.bibliotheca.com\/es-la\/wp-json\/wp\/v2\/media?parent=94210"}],"wp:term":[{"taxonomy":"category","embeddable":true,"href":"https:\/\/www.bibliotheca.com\/es-la\/wp-json\/wp\/v2\/categories?post=94210"},{"taxonomy":"post_tag","embeddable":true,"href":"https:\/\/www.bibliotheca.com\/es-la\/wp-json\/wp\/v2\/tags?post=94210"}],"curies":[{"name":"wp","href":"https:\/\/api.w.org\/{rel}","templated":true}]}}