{"id":103947,"date":"2025-09-10T12:07:24","date_gmt":"2025-09-10T12:07:24","guid":{"rendered":"https:\/\/bibliostaged.wpengine.com\/?p=103947"},"modified":"2025-09-10T16:33:14","modified_gmt":"2025-09-10T16:33:14","slug":"bibliotheca-reditec-2025-futuro-das-bibliotecas","status":"publish","type":"post","link":"https:\/\/www.bibliotheca.com\/pt-br\/bibliotheca-reditec-2025-futuro-das-bibliotecas\/","title":{"rendered":"Bibliotheca na Reditec 2025: o futuro das bibliotecas"},"content":{"rendered":"\t\t<div data-elementor-type=\"wp-post\" data-elementor-id=\"103947\" class=\"elementor elementor-103947\" data-elementor-post-type=\"post\">\n\t\t\t\t\t\t<section class=\"elementor-section elementor-top-section elementor-element elementor-element-2a793759 elementor-section-full_width elementor-section-height-default elementor-section-height-default\" data-id=\"2a793759\" data-element_type=\"section\" data-e-type=\"section\" data-settings=\"{&quot;jet_parallax_layout_list&quot;:[{&quot;jet_parallax_layout_image&quot;:{&quot;url&quot;:&quot;&quot;,&quot;id&quot;:&quot;&quot;,&quot;size&quot;:&quot;&quot;},&quot;_id&quot;:&quot;e10cdb8&quot;,&quot;jet_parallax_layout_image_tablet&quot;:{&quot;url&quot;:&quot;&quot;,&quot;id&quot;:&quot;&quot;,&quot;size&quot;:&quot;&quot;},&quot;jet_parallax_layout_image_mobile&quot;:{&quot;url&quot;:&quot;&quot;,&quot;id&quot;:&quot;&quot;,&quot;size&quot;:&quot;&quot;},&quot;jet_parallax_layout_speed&quot;:{&quot;unit&quot;:&quot;%&quot;,&quot;size&quot;:50,&quot;sizes&quot;:[]},&quot;jet_parallax_layout_type&quot;:&quot;scroll&quot;,&quot;jet_parallax_layout_direction&quot;:&quot;1&quot;,&quot;jet_parallax_layout_fx_direction&quot;:null,&quot;jet_parallax_layout_z_index&quot;:&quot;&quot;,&quot;jet_parallax_layout_bg_x&quot;:50,&quot;jet_parallax_layout_bg_x_tablet&quot;:&quot;&quot;,&quot;jet_parallax_layout_bg_x_mobile&quot;:&quot;&quot;,&quot;jet_parallax_layout_bg_y&quot;:50,&quot;jet_parallax_layout_bg_y_tablet&quot;:&quot;&quot;,&quot;jet_parallax_layout_bg_y_mobile&quot;:&quot;&quot;,&quot;jet_parallax_layout_bg_size&quot;:&quot;auto&quot;,&quot;jet_parallax_layout_bg_size_tablet&quot;:&quot;&quot;,&quot;jet_parallax_layout_bg_size_mobile&quot;:&quot;&quot;,&quot;jet_parallax_layout_animation_prop&quot;:&quot;transform&quot;,&quot;jet_parallax_layout_on&quot;:[&quot;desktop&quot;,&quot;tablet&quot;]}]}\">\n\t\t\t\t\t\t<div class=\"elementor-container elementor-column-gap-no\">\n\t\t\t\t\t<div class=\"elementor-column elementor-col-100 elementor-top-column elementor-element elementor-element-7c4d368e\" data-id=\"7c4d368e\" data-element_type=\"column\" data-e-type=\"column\">\n\t\t\t<div class=\"elementor-widget-wrap elementor-element-populated\">\n\t\t\t\t\t\t<div class=\"elementor-element elementor-element-7e8acd96 hero hero-post hero-sub hero-content-dark hero-product elementor-cta--layout-image-left elementor-cta--mobile-layout-image-above elementor-cta--skin-classic elementor-animated-content elementor-widget elementor-widget-call-to-action\" data-id=\"7e8acd96\" data-element_type=\"widget\" data-e-type=\"widget\" data-widget_type=\"call-to-action.default\">\n\t\t\t\t<div class=\"elementor-widget-container\">\n\t\t\t\t\t\t\t<div class=\"elementor-cta\">\n\t\t\t\t\t<div class=\"elementor-cta__bg-wrapper\">\n\t\t\t\t<div class=\"elementor-cta__bg elementor-bg\" style=\"background-image: url(https:\/\/www.bibliotheca.com\/wp-content\/uploads\/Estande_bibliotheca_reditec_2025-2.jpeg);\" role=\"img\" aria-label=\"Gestores visitam o estande da Bibliotheca na Reditec 2025 em Bonito\/MS para conhecer solu\u00e7\u00f5es tecnol\u00f3gicas de moderniza\u00e7\u00e3o de bibliotecas.\"><\/div>\n\t\t\t\t<div class=\"elementor-cta__bg-overlay\"><\/div>\n\t\t\t<\/div>\n\t\t\t\t\t\t\t<div class=\"elementor-cta__content\">\n\t\t\t\t\n\t\t\t\t\t\t\t\t\t<div class=\"elementor-cta__title elementor-cta__content-item elementor-content-item\">\n\t\t\t\t\t\t<a href=\"https:\/\/www.bibliotheca.com\/pt-br\/category\/blog\/\" rel=\"tag\">Blog<\/a><a href=\"https:\/\/www.bibliotheca.com\/pt-br\/category\/blog\/events\/\" rel=\"tag\">Eventos de Bibliotecas<\/a>\t\t\t\t\t<\/div>\n\t\t\t\t\n\t\t\t\t\t\t\t\t\t<div class=\"elementor-cta__description elementor-cta__content-item elementor-content-item\">\n\t\t\t\t\t\tBibliotheca na Reditec 2025: o futuro das bibliotecas\t\t\t\t\t<\/div>\n\t\t\t\t\n\t\t\t\t\t\t\t<\/div>\n\t\t\t\t\t\t<\/div>\n\t\t\t\t\t\t<\/div>\n\t\t\t\t<\/div>\n\t\t\t\t\t<\/div>\n\t\t<\/div>\n\t\t\t\t\t<\/div>\n\t\t<\/section>\n\t\t\t\t<section class=\"elementor-section elementor-top-section elementor-element elementor-element-101b227c elementor-section-full_width content-video-contained bb-1 elementor-section-height-default elementor-section-height-default\" data-id=\"101b227c\" data-element_type=\"section\" data-e-type=\"section\" data-settings=\"{&quot;jet_parallax_layout_list&quot;:[{&quot;jet_parallax_layout_image&quot;:{&quot;url&quot;:&quot;&quot;,&quot;id&quot;:&quot;&quot;,&quot;size&quot;:&quot;&quot;},&quot;_id&quot;:&quot;023c89a&quot;,&quot;jet_parallax_layout_image_tablet&quot;:{&quot;url&quot;:&quot;&quot;,&quot;id&quot;:&quot;&quot;,&quot;size&quot;:&quot;&quot;},&quot;jet_parallax_layout_image_mobile&quot;:{&quot;url&quot;:&quot;&quot;,&quot;id&quot;:&quot;&quot;,&quot;size&quot;:&quot;&quot;},&quot;jet_parallax_layout_speed&quot;:{&quot;unit&quot;:&quot;%&quot;,&quot;size&quot;:50,&quot;sizes&quot;:[]},&quot;jet_parallax_layout_type&quot;:&quot;scroll&quot;,&quot;jet_parallax_layout_direction&quot;:&quot;1&quot;,&quot;jet_parallax_layout_fx_direction&quot;:null,&quot;jet_parallax_layout_z_index&quot;:&quot;&quot;,&quot;jet_parallax_layout_bg_x&quot;:50,&quot;jet_parallax_layout_bg_x_tablet&quot;:&quot;&quot;,&quot;jet_parallax_layout_bg_x_mobile&quot;:&quot;&quot;,&quot;jet_parallax_layout_bg_y&quot;:50,&quot;jet_parallax_layout_bg_y_tablet&quot;:&quot;&quot;,&quot;jet_parallax_layout_bg_y_mobile&quot;:&quot;&quot;,&quot;jet_parallax_layout_bg_size&quot;:&quot;auto&quot;,&quot;jet_parallax_layout_bg_size_tablet&quot;:&quot;&quot;,&quot;jet_parallax_layout_bg_size_mobile&quot;:&quot;&quot;,&quot;jet_parallax_layout_animation_prop&quot;:&quot;transform&quot;,&quot;jet_parallax_layout_on&quot;:[&quot;desktop&quot;,&quot;tablet&quot;]}]}\">\n\t\t\t\t\t\t<div class=\"elementor-container elementor-column-gap-no\">\n\t\t\t\t\t<div class=\"elementor-column elementor-col-100 elementor-top-column elementor-element elementor-element-43c06f44 column-narrow\" data-id=\"43c06f44\" data-element_type=\"column\" data-e-type=\"column\">\n\t\t\t<div class=\"elementor-widget-wrap elementor-element-populated\">\n\t\t\t\t\t\t<div class=\"elementor-element elementor-element-24fde4f6 elementor-widget elementor-widget-text-editor\" data-id=\"24fde4f6\" data-element_type=\"widget\" data-e-type=\"widget\" data-widget_type=\"text-editor.default\">\n\t\t\t\t<div class=\"elementor-widget-container\">\n\t\t\t\t\t\t\t\t\t<p>Entre os dias 2 e 5 de setembro, a <a href=\"https:\/\/www.bibliotheca.com\/pt-br\/\">Bibliotheca<\/a> participou da <a href=\"https:\/\/reditec2025.org.br\/\" rel=\"noopener\">Reditec 2025<\/a>, realizada em Bonito (MS), evento que reuniu cerca de 1,2 mil gestores de todo o pa\u00eds para debater o presente e o futuro da Rede Federal de Educa\u00e7\u00e3o Profissional, Cient\u00edfica e Tecnol\u00f3gica.<\/p><p>Com o tema \u201cA Rede Federal \u00e9 maior do que o mundo: inspira\u00e7\u00e3o local, alcance global\u201d, inspirado na obra do poeta sul-mato-grossense Manoel de Barros, a Reditec reafirmou o papel estrat\u00e9gico da Rede como agente de transforma\u00e7\u00e3o social a partir dos territ\u00f3rios.<\/p>\t\t\t\t\t\t\t\t<\/div>\n\t\t\t\t<\/div>\n\t\t\t\t<div class=\"elementor-element elementor-element-24d4d3aa elementor-widget elementor-widget-heading\" data-id=\"24d4d3aa\" data-element_type=\"widget\" data-e-type=\"widget\" data-widget_type=\"heading.default\">\n\t\t\t\t<div class=\"elementor-widget-container\">\n\t\t\t\t\t<h2 class=\"elementor-heading-title elementor-size-default\">Tecnologia e inova\u00e7\u00e3o <\/h2>\t\t\t\t<\/div>\n\t\t\t\t<\/div>\n\t\t\t\t<div class=\"elementor-element elementor-element-367b2ce4 elementor-widget-divider--view-line elementor-invisible elementor-widget elementor-widget-divider\" data-id=\"367b2ce4\" data-element_type=\"widget\" data-e-type=\"widget\" data-settings=\"{&quot;_animation&quot;:&quot;fadeInDown&quot;}\" data-widget_type=\"divider.default\">\n\t\t\t\t<div class=\"elementor-widget-container\">\n\t\t\t\t\t\t\t<div class=\"elementor-divider\">\n\t\t\t<span class=\"elementor-divider-separator\">\n\t\t\t\t\t\t<\/span>\n\t\t<\/div>\n\t\t\t\t\t\t<\/div>\n\t\t\t\t<\/div>\n\t\t\t\t<div class=\"elementor-element elementor-element-23c937b4 elementor-widget elementor-widget-text-editor\" data-id=\"23c937b4\" data-element_type=\"widget\" data-e-type=\"widget\" data-widget_type=\"text-editor.default\">\n\t\t\t\t<div class=\"elementor-widget-container\">\n\t\t\t\t\t\t\t\t\t<p class=\"\" data-start=\"235\" data-end=\"353\">No estande da <a href=\"https:\/\/www.bibliotheca.com\/pt-br\/\">Bibliotheca<\/a>, os participantes puderam conhecer de perto <a href=\"https:\/\/www.bibliotheca.com\/pt-br\/\">solu\u00e7\u00f5es tecnol\u00f3gicas<\/a> para a moderniza\u00e7\u00e3o de bibliotecas, como as <a href=\"https:\/\/www.bibliotheca.com\/pt-br\/solucoes\/deteccao-de-seguranca\/\">antenas de seguran\u00e7a<\/a> e o\u00a0<a href=\"https:\/\/www.bibliotheca.com\/pt-br\/solucoes\/autoatendimento\/\">autoatendimento<\/a>, equipamentos que promovem efici\u00eancia, autonomia e uma experi\u00eancia inovadora para usu\u00e1rios de bibliotecas em todo o Brasil.<\/p><p class=\"\" data-start=\"235\" data-end=\"353\">Outro ponto de destaque foi a apresenta\u00e7\u00e3o das <a href=\"https:\/\/www.bibliotheca.com\/pt-br\/modernize-biblioteca-atas-ifam-ifsp\/\">atas de registro de pre\u00e7os do IFSP e do IFAM<\/a>, atualmente em vig\u00eancia. Por meio delas, institui\u00e7\u00f5es podem modernizar suas bibliotecas com seguran\u00e7a e agilidade, aproveitando os benef\u00edcios da carona de ata para otimizar processos de aquisi\u00e7\u00e3o de tecnologias.<\/p>\t\t\t\t\t\t\t\t<\/div>\n\t\t\t\t<\/div>\n\t\t\t\t<div class=\"elementor-element elementor-element-25babfee elementor-widget elementor-widget-heading\" data-id=\"25babfee\" data-element_type=\"widget\" data-e-type=\"widget\" data-widget_type=\"heading.default\">\n\t\t\t\t<div class=\"elementor-widget-container\">\n\t\t\t\t\t<h3 class=\"elementor-heading-title elementor-size-default\">A\u00e7\u00e3o com os participantes \"Encontre seu par\"<\/h3>\t\t\t\t<\/div>\n\t\t\t\t<\/div>\n\t\t\t\t<div class=\"elementor-element elementor-element-5533858e elementor-widget elementor-widget-text-editor\" data-id=\"5533858e\" data-element_type=\"widget\" data-e-type=\"widget\" data-widget_type=\"text-editor.default\">\n\t\t\t\t<div class=\"elementor-widget-container\">\n\t\t\t\t\t\t\t\t\t<p class=\"\" data-start=\"235\" data-end=\"353\">Al\u00e9m das inova\u00e7\u00f5es, a <a href=\"https:\/\/www.bibliotheca.com\/pt-br\/\">Bibliotheca<\/a> promoveu uma a\u00e7\u00e3o de engajamento especial com os participantes: \u201cEncontre seu par\u201d. A din\u00e2mica consistia em encontrar outro participante com a mesma cor e frase no crach\u00e1, retornando ao estande para retirar brindes exclusivos, como chap\u00e9us e n\u00e9cessaires.<\/p><p class=\"\" data-start=\"235\" data-end=\"353\">O resultado foi um grande sucesso, unindo networking, divers\u00e3o e proximidade com o p\u00fablico.<\/p>\t\t\t\t\t\t\t\t<\/div>\n\t\t\t\t<\/div>\n\t\t\t\t<div class=\"elementor-element elementor-element-5db9ed98 elementor-widget elementor-widget-text-editor\" data-id=\"5db9ed98\" data-element_type=\"widget\" data-e-type=\"widget\" data-widget_type=\"text-editor.default\">\n\t\t\t\t<div class=\"elementor-widget-container\">\n\t\t\t\t\t\t\t\t\t<p style=\"font-size: 19px; text-align: center; line-height: 1.4;\"><i>\u201cA Reditec \u00e9 sempre uma oportunidade estrat\u00e9gica para reafirmarmos o nosso compromisso com a educa\u00e7\u00e3o. Estar lado a lado com gestores da Rede Federal, compartilhando tecnologias que realmente impactam bibliotecas e transformam a experi\u00eancia de leitura, \u00e9 parte da nossa miss\u00e3o\u201d, destacou a Bibliotheca.<\/i><\/p>\t\t\t\t\t\t\t\t<\/div>\n\t\t\t\t<\/div>\n\t\t\t\t<div class=\"elementor-element elementor-element-6801277f elementor-arrows-position-inside elementor-pagination-position-outside elementor-widget elementor-widget-image-carousel\" data-id=\"6801277f\" data-element_type=\"widget\" data-e-type=\"widget\" data-settings=\"{&quot;slides_to_show&quot;:&quot;1&quot;,&quot;navigation&quot;:&quot;both&quot;,&quot;autoplay&quot;:&quot;yes&quot;,&quot;pause_on_hover&quot;:&quot;yes&quot;,&quot;pause_on_interaction&quot;:&quot;yes&quot;,&quot;autoplay_speed&quot;:5000,&quot;infinite&quot;:&quot;yes&quot;,&quot;effect&quot;:&quot;slide&quot;,&quot;speed&quot;:500}\" data-widget_type=\"image-carousel.default\">\n\t\t\t\t<div class=\"elementor-widget-container\">\n\t\t\t\t\t\t\t<div class=\"elementor-image-carousel-wrapper swiper\" role=\"region\" aria-roledescription=\"carousel\" aria-label=\"Carrossel de imagens\" dir=\"ltr\">\n\t\t\t<div class=\"elementor-image-carousel swiper-wrapper\" aria-live=\"off\">\n\t\t\t\t\t\t\t\t<div class=\"swiper-slide\" role=\"group\" aria-roledescription=\"slide\" aria-label=\"1 de 13\"><figure class=\"swiper-slide-inner\"><img decoding=\"async\" class=\"swiper-slide-image\" src=\"https:\/\/www.bibliotheca.com\/wp-content\/uploads\/acao_mkt_reditec_dupla-2-768x1365.jpg\" alt=\"Participantes da Reditec 2025 exibem crach\u00e1s combinando e brindes ap\u00f3s a a\u00e7\u00e3o \u201cEncontre seu par\u201d no estande da Bibliotheca.\" title=\"\"><\/figure><\/div><div class=\"swiper-slide\" role=\"group\" aria-roledescription=\"slide\" aria-label=\"2 de 13\"><figure class=\"swiper-slide-inner\"><img decoding=\"async\" class=\"swiper-slide-image\" src=\"https:\/\/www.bibliotheca.com\/wp-content\/uploads\/acao_reditec-768x1365.jpg\" alt=\"Participantes da Reditec 2025 recebem n\u00e9cessaires exclusivas da Bibliotheca durante a a\u00e7\u00e3o interativa \u201cEncontre seu par\u201d.\" title=\"\"><\/figure><\/div><div class=\"swiper-slide\" role=\"group\" aria-roledescription=\"slide\" aria-label=\"3 de 13\"><figure class=\"swiper-slide-inner\"><img decoding=\"async\" class=\"swiper-slide-image\" src=\"https:\/\/www.bibliotheca.com\/wp-content\/uploads\/autoatendimento_estande_bibliotheca_reditec-768x1313.jpg\" alt=\"Totem de autoatendimento da Bibliotheca em estande na Reditec 2025, permitindo empr\u00e9stimos, devolu\u00e7\u00f5es e renova\u00e7\u00f5es de livros.\" title=\"\"><\/figure><\/div><div class=\"swiper-slide\" role=\"group\" aria-roledescription=\"slide\" aria-label=\"4 de 13\"><figure class=\"swiper-slide-inner\"><img decoding=\"async\" class=\"swiper-slide-image\" src=\"https:\/\/www.bibliotheca.com\/wp-content\/uploads\/bolsa_chapeu-bibliotheca-768x963.jpg\" alt=\"Duas participantes exibem bolsas da Bibliotheca no estande da Reditec 2025 em Bonito\/MS.\" title=\"\"><\/figure><\/div><div class=\"swiper-slide\" role=\"group\" aria-roledescription=\"slide\" aria-label=\"5 de 13\"><figure class=\"swiper-slide-inner\"><img decoding=\"async\" class=\"swiper-slide-image\" src=\"https:\/\/www.bibliotheca.com\/wp-content\/uploads\/chapeu_reditec-768x1024.jpg\" alt=\"Chap\u00e9u personalizado da Bibliotheca exposto no estande da Reditec 2025 em Bonito\/MS, como brinde da a\u00e7\u00e3o \u201cEncontre seu par\u201d.\" title=\"\"><\/figure><\/div><div class=\"swiper-slide\" role=\"group\" aria-roledescription=\"slide\" aria-label=\"6 de 13\"><figure class=\"swiper-slide-inner\"><img decoding=\"async\" class=\"swiper-slide-image\" src=\"https:\/\/www.bibliotheca.com\/wp-content\/uploads\/dupla_com_brindes_necessaire-768x1041.jpg\" alt=\"Duas participantes exibem bolsas da Bibliotheca no estande da Reditec 2025 em Bonito\/MS.\" title=\"\"><\/figure><\/div><div class=\"swiper-slide\" role=\"group\" aria-roledescription=\"slide\" aria-label=\"7 de 13\"><figure class=\"swiper-slide-inner\"><img decoding=\"async\" class=\"swiper-slide-image\" src=\"https:\/\/www.bibliotheca.com\/wp-content\/uploads\/encontre_seu_par_crachas-768x949.jpg\" alt=\"Participantes da Reditec 2025 no estande da Bibliotheca usando chap\u00e9us e exibindo crach\u00e1s na a\u00e7\u00e3o \u201cEncontre seu par\u201d.\" title=\"\"><\/figure><\/div><div class=\"swiper-slide\" role=\"group\" aria-roledescription=\"slide\" aria-label=\"8 de 13\"><figure class=\"swiper-slide-inner\"><img decoding=\"async\" class=\"swiper-slide-image\" src=\"https:\/\/www.bibliotheca.com\/wp-content\/uploads\/estande_bibliotheca_reditec_2025-768x911.jpg\" alt=\"Participantes interagem no estande da Bibliotheca durante a Reditec 2025, em Bonito\/MS.\" title=\"\"><\/figure><\/div><div class=\"swiper-slide\" role=\"group\" aria-roledescription=\"slide\" aria-label=\"9 de 13\"><figure class=\"swiper-slide-inner\"><img decoding=\"async\" class=\"swiper-slide-image\" src=\"https:\/\/www.bibliotheca.com\/wp-content\/uploads\/Luana_e_par_brindes-768x1294.jpeg\" alt=\"Dois participantes da Reditec 2025 no estande da Bibliotheca exibem brindes recebidos na a\u00e7\u00e3o \u201cEncontre seu par\u201d.\" title=\"\"><\/figure><\/div><div class=\"swiper-slide\" role=\"group\" aria-roledescription=\"slide\" aria-label=\"10 de 13\"><figure class=\"swiper-slide-inner\"><img decoding=\"async\" class=\"swiper-slide-image\" src=\"https:\/\/www.bibliotheca.com\/wp-content\/uploads\/reditec_acao_mkt_dupla-768x1024.jpg\" alt=\"Participantes da Reditec 2025 no estande da Bibliotheca com crach\u00e1s e brindes da a\u00e7\u00e3o \u201cEncontre seu par\u201d.\" title=\"\"><\/figure><\/div><div class=\"swiper-slide\" role=\"group\" aria-roledescription=\"slide\" aria-label=\"11 de 13\"><figure class=\"swiper-slide-inner\"><img decoding=\"async\" class=\"swiper-slide-image\" src=\"https:\/\/www.bibliotheca.com\/wp-content\/uploads\/reditec_chapeu_bibliotheca-768x1365.jpg\" alt=\"Caixas coloridas Reditec com o chap\u00e9u personalizado da Bibliotheca em Bonito, MS.\" title=\"\"><\/figure><\/div><div class=\"swiper-slide\" role=\"group\" aria-roledescription=\"slide\" aria-label=\"12 de 13\"><figure class=\"swiper-slide-inner\"><img decoding=\"async\" class=\"swiper-slide-image\" src=\"https:\/\/www.bibliotheca.com\/wp-content\/uploads\/dupla_encontre_seu_par-768x1365.jpg\" alt=\"Dois participantes exibem os chap\u00e9us da Bibliotheca no estande da Reditec 2025 em Bonito\/MS.\" title=\"\"><\/figure><\/div><div class=\"swiper-slide\" role=\"group\" aria-roledescription=\"slide\" aria-label=\"13 de 13\"><figure class=\"swiper-slide-inner\"><img decoding=\"async\" class=\"swiper-slide-image\" src=\"https:\/\/www.bibliotheca.com\/wp-content\/uploads\/acao_reditec_2025_brindes-768x1365.jpg\" alt=\"Dois participantes da Reditec 2025 no estande da Bibliotheca exibem brindes recebidos na a\u00e7\u00e3o \u201cEncontre seu par\u201d.\" title=\"\"><\/figure><\/div>\t\t\t<\/div>\n\t\t\t\t\t\t\t\t\t\t\t\t<div class=\"elementor-swiper-button elementor-swiper-button-prev\" role=\"button\" tabindex=\"0\">\n\t\t\t\t\t\t<i aria-hidden=\"true\" class=\"eicon-chevron-left\"><\/i>\t\t\t\t\t<\/div>\n\t\t\t\t\t<div class=\"elementor-swiper-button elementor-swiper-button-next\" role=\"button\" tabindex=\"0\">\n\t\t\t\t\t\t<i aria-hidden=\"true\" class=\"eicon-chevron-right\"><\/i>\t\t\t\t\t<\/div>\n\t\t\t\t\n\t\t\t\t\t\t\t\t\t<div class=\"swiper-pagination\"><\/div>\n\t\t\t\t\t\t\t\t\t<\/div>\n\t\t\t\t\t\t<\/div>\n\t\t\t\t<\/div>\n\t\t\t\t<div class=\"elementor-element elementor-element-481aa2e1 elementor-widget-divider--view-line elementor-widget elementor-widget-divider\" data-id=\"481aa2e1\" data-element_type=\"widget\" data-e-type=\"widget\" data-widget_type=\"divider.default\">\n\t\t\t\t<div class=\"elementor-widget-container\">\n\t\t\t\t\t\t\t<div class=\"elementor-divider\">\n\t\t\t<span class=\"elementor-divider-separator\">\n\t\t\t\t\t\t<\/span>\n\t\t<\/div>\n\t\t\t\t\t\t<\/div>\n\t\t\t\t<\/div>\n\t\t\t\t<div class=\"elementor-element elementor-element-7dc67127 elementor-invisible elementor-widget elementor-widget-heading\" data-id=\"7dc67127\" data-element_type=\"widget\" data-e-type=\"widget\" data-settings=\"{&quot;_animation&quot;:&quot;fadeIn&quot;}\" data-widget_type=\"heading.default\">\n\t\t\t\t<div class=\"elementor-widget-container\">\n\t\t\t\t\t<h5 class=\"elementor-heading-title elementor-size-default\">Entre em contato<\/h5>\t\t\t\t<\/div>\n\t\t\t\t<\/div>\n\t\t\t\t<div class=\"elementor-element elementor-element-79a0bbc7 elementor-share-buttons--view-icon elementor-share-buttons--skin-minimal elementor-share-buttons--color-custom e-transform elementor-share-buttons--shape-square elementor-grid-0 elementor-invisible elementor-widget elementor-widget-share-buttons\" data-id=\"79a0bbc7\" data-element_type=\"widget\" data-e-type=\"widget\" data-settings=\"{&quot;_animation&quot;:&quot;fadeIn&quot;,&quot;_transform_rotateZ_effect&quot;:{&quot;unit&quot;:&quot;px&quot;,&quot;size&quot;:0,&quot;sizes&quot;:[]},&quot;_transform_rotateZ_effect_tablet&quot;:{&quot;unit&quot;:&quot;deg&quot;,&quot;size&quot;:&quot;&quot;,&quot;sizes&quot;:[]},&quot;_transform_rotateZ_effect_mobile&quot;:{&quot;unit&quot;:&quot;deg&quot;,&quot;size&quot;:&quot;&quot;,&quot;sizes&quot;:[]}}\" data-widget_type=\"share-buttons.default\">\n\t\t\t\t<div class=\"elementor-widget-container\">\n\t\t\t\t\t\t\t<div class=\"elementor-grid\" role=\"list\">\n\t\t\t\t\t\t\t\t<div class=\"elementor-grid-item\" role=\"listitem\">\n\t\t\t\t\t\t<div class=\"elementor-share-btn elementor-share-btn_linkedin\" role=\"button\" tabindex=\"0\" aria-label=\"Compartilhar no linkedin\">\n\t\t\t\t\t\t\t\t\t\t\t\t\t\t\t<span class=\"elementor-share-btn__icon\">\n\t\t\t\t\t\t\t\t<i class=\"fab fa-linkedin\" aria-hidden=\"true\"><\/i>\t\t\t\t\t\t\t<\/span>\n\t\t\t\t\t\t\t\t\t\t\t\t\t\t\t\t\t\t\t\t<\/div>\n\t\t\t\t\t<\/div>\n\t\t\t\t\t\t\t\t\t<div class=\"elementor-grid-item\" role=\"listitem\">\n\t\t\t\t\t\t<div class=\"elementor-share-btn elementor-share-btn_facebook\" role=\"button\" tabindex=\"0\" aria-label=\"Compartilhar no facebook\">\n\t\t\t\t\t\t\t\t\t\t\t\t\t\t\t<span class=\"elementor-share-btn__icon\">\n\t\t\t\t\t\t\t\t<i class=\"fab fa-facebook\" aria-hidden=\"true\"><\/i>\t\t\t\t\t\t\t<\/span>\n\t\t\t\t\t\t\t\t\t\t\t\t\t\t\t\t\t\t\t\t<\/div>\n\t\t\t\t\t<\/div>\n\t\t\t\t\t\t\t\t\t<div class=\"elementor-grid-item\" role=\"listitem\">\n\t\t\t\t\t\t<div class=\"elementor-share-btn elementor-share-btn_twitter\" role=\"button\" tabindex=\"0\" aria-label=\"Compartilhar no twitter\">\n\t\t\t\t\t\t\t\t\t\t\t\t\t\t\t<span class=\"elementor-share-btn__icon\">\n\t\t\t\t\t\t\t\t<i class=\"fab fa-twitter\" aria-hidden=\"true\"><\/i>\t\t\t\t\t\t\t<\/span>\n\t\t\t\t\t\t\t\t\t\t\t\t\t\t\t\t\t\t\t\t<\/div>\n\t\t\t\t\t<\/div>\n\t\t\t\t\t\t\t\t\t<div class=\"elementor-grid-item\" role=\"listitem\">\n\t\t\t\t\t\t<div class=\"elementor-share-btn elementor-share-btn_email\" role=\"button\" tabindex=\"0\" aria-label=\"Compartilhar no email\">\n\t\t\t\t\t\t\t\t\t\t\t\t\t\t\t<span class=\"elementor-share-btn__icon\">\n\t\t\t\t\t\t\t\t<i class=\"fas fa-envelope\" aria-hidden=\"true\"><\/i>\t\t\t\t\t\t\t<\/span>\n\t\t\t\t\t\t\t\t\t\t\t\t\t\t\t\t\t\t\t\t<\/div>\n\t\t\t\t\t<\/div>\n\t\t\t\t\t\t\t\t\t<div class=\"elementor-grid-item\" role=\"listitem\">\n\t\t\t\t\t\t<div class=\"elementor-share-btn elementor-share-btn_whatsapp\" role=\"button\" tabindex=\"0\" aria-label=\"Compartilhar no whatsapp\">\n\t\t\t\t\t\t\t\t\t\t\t\t\t\t\t<span class=\"elementor-share-btn__icon\">\n\t\t\t\t\t\t\t\t<i class=\"fab fa-whatsapp\" aria-hidden=\"true\"><\/i>\t\t\t\t\t\t\t<\/span>\n\t\t\t\t\t\t\t\t\t\t\t\t\t\t\t\t\t\t\t\t<\/div>\n\t\t\t\t\t<\/div>\n\t\t\t\t\t\t<\/div>\n\t\t\t\t\t\t<\/div>\n\t\t\t\t<\/div>\n\t\t\t\t\t<\/div>\n\t\t<\/div>\n\t\t\t\t\t<\/div>\n\t\t<\/section>\n\t\t\t\t<section class=\"elementor-section elementor-top-section elementor-element elementor-element-1d6f5888 elementor-section-full_width content-icon-sub-header bt-thick elementor-section-height-default elementor-section-height-default\" data-id=\"1d6f5888\" data-element_type=\"section\" data-e-type=\"section\" data-settings=\"{&quot;jet_parallax_layout_list&quot;:[{&quot;jet_parallax_layout_image&quot;:{&quot;url&quot;:&quot;&quot;,&quot;id&quot;:&quot;&quot;,&quot;size&quot;:&quot;&quot;},&quot;_id&quot;:&quot;023c89a&quot;,&quot;jet_parallax_layout_image_tablet&quot;:{&quot;url&quot;:&quot;&quot;,&quot;id&quot;:&quot;&quot;,&quot;size&quot;:&quot;&quot;},&quot;jet_parallax_layout_image_mobile&quot;:{&quot;url&quot;:&quot;&quot;,&quot;id&quot;:&quot;&quot;,&quot;size&quot;:&quot;&quot;},&quot;jet_parallax_layout_speed&quot;:{&quot;unit&quot;:&quot;%&quot;,&quot;size&quot;:50,&quot;sizes&quot;:[]},&quot;jet_parallax_layout_type&quot;:&quot;scroll&quot;,&quot;jet_parallax_layout_direction&quot;:&quot;1&quot;,&quot;jet_parallax_layout_fx_direction&quot;:null,&quot;jet_parallax_layout_z_index&quot;:&quot;&quot;,&quot;jet_parallax_layout_bg_x&quot;:50,&quot;jet_parallax_layout_bg_x_tablet&quot;:&quot;&quot;,&quot;jet_parallax_layout_bg_x_mobile&quot;:&quot;&quot;,&quot;jet_parallax_layout_bg_y&quot;:50,&quot;jet_parallax_layout_bg_y_tablet&quot;:&quot;&quot;,&quot;jet_parallax_layout_bg_y_mobile&quot;:&quot;&quot;,&quot;jet_parallax_layout_bg_size&quot;:&quot;auto&quot;,&quot;jet_parallax_layout_bg_size_tablet&quot;:&quot;&quot;,&quot;jet_parallax_layout_bg_size_mobile&quot;:&quot;&quot;,&quot;jet_parallax_layout_animation_prop&quot;:&quot;transform&quot;,&quot;jet_parallax_layout_on&quot;:[&quot;desktop&quot;,&quot;tablet&quot;]}]}\">\n\t\t\t\t\t\t<div class=\"elementor-container elementor-column-gap-no\">\n\t\t\t\t\t<div class=\"elementor-column elementor-col-100 elementor-top-column elementor-element elementor-element-29abb591\" data-id=\"29abb591\" data-element_type=\"column\" data-e-type=\"column\">\n\t\t\t<div class=\"elementor-widget-wrap elementor-element-populated\">\n\t\t\t\t\t\t<div class=\"elementor-element elementor-element-3d0c4afd elementor-widget elementor-widget-image\" data-id=\"3d0c4afd\" data-element_type=\"widget\" data-e-type=\"widget\" data-widget_type=\"image.default\">\n\t\t\t\t<div class=\"elementor-widget-container\">\n\t\t\t\t\t\t\t\t\t\t\t\t\t\t\t<img decoding=\"async\" src=\"https:\/\/www.bibliotheca.com\/wp-content\/uploads\/icon-open-book.svg\" title=\"\u00edcone de livro aberto\" alt=\"\u00edcone de livro aberto\" loading=\"lazy\" \/>\t\t\t\t\t\t\t\t\t\t\t\t\t\t\t<\/div>\n\t\t\t\t<\/div>\n\t\t\t\t<div class=\"elementor-element elementor-element-30a401d5 elementor-widget elementor-widget-heading\" data-id=\"30a401d5\" data-element_type=\"widget\" data-e-type=\"widget\" data-widget_type=\"heading.default\">\n\t\t\t\t<div class=\"elementor-widget-container\">\n\t\t\t\t\t<h2 class=\"elementor-heading-title elementor-size-small\">Voc\u00ea tamb\u00e9m pode gostar<\/h2>\t\t\t\t<\/div>\n\t\t\t\t<\/div>\n\t\t\t\t\t<\/div>\n\t\t<\/div>\n\t\t\t\t\t<\/div>\n\t\t<\/section>\n\t\t\t\t<section class=\"elementor-section elementor-top-section elementor-element elementor-element-63ae54b9 elementor-section-full_width elementor-section-height-default elementor-section-height-default\" data-id=\"63ae54b9\" data-element_type=\"section\" data-e-type=\"section\" data-settings=\"{&quot;jet_parallax_layout_list&quot;:[{&quot;jet_parallax_layout_image&quot;:{&quot;url&quot;:&quot;&quot;,&quot;id&quot;:&quot;&quot;,&quot;size&quot;:&quot;&quot;},&quot;_id&quot;:&quot;023c89a&quot;,&quot;jet_parallax_layout_image_tablet&quot;:{&quot;url&quot;:&quot;&quot;,&quot;id&quot;:&quot;&quot;,&quot;size&quot;:&quot;&quot;},&quot;jet_parallax_layout_image_mobile&quot;:{&quot;url&quot;:&quot;&quot;,&quot;id&quot;:&quot;&quot;,&quot;size&quot;:&quot;&quot;},&quot;jet_parallax_layout_speed&quot;:{&quot;unit&quot;:&quot;%&quot;,&quot;size&quot;:50,&quot;sizes&quot;:[]},&quot;jet_parallax_layout_type&quot;:&quot;scroll&quot;,&quot;jet_parallax_layout_direction&quot;:&quot;1&quot;,&quot;jet_parallax_layout_fx_direction&quot;:null,&quot;jet_parallax_layout_z_index&quot;:&quot;&quot;,&quot;jet_parallax_layout_bg_x&quot;:50,&quot;jet_parallax_layout_bg_x_tablet&quot;:&quot;&quot;,&quot;jet_parallax_layout_bg_x_mobile&quot;:&quot;&quot;,&quot;jet_parallax_layout_bg_y&quot;:50,&quot;jet_parallax_layout_bg_y_tablet&quot;:&quot;&quot;,&quot;jet_parallax_layout_bg_y_mobile&quot;:&quot;&quot;,&quot;jet_parallax_layout_bg_size&quot;:&quot;auto&quot;,&quot;jet_parallax_layout_bg_size_tablet&quot;:&quot;&quot;,&quot;jet_parallax_layout_bg_size_mobile&quot;:&quot;&quot;,&quot;jet_parallax_layout_animation_prop&quot;:&quot;transform&quot;,&quot;jet_parallax_layout_on&quot;:[&quot;desktop&quot;,&quot;tablet&quot;]}]}\">\n\t\t\t\t\t\t<div class=\"elementor-container elementor-column-gap-no\">\n\t\t\t\t\t<div class=\"elementor-column elementor-col-100 elementor-top-column elementor-element elementor-element-5ea1aaec\" data-id=\"5ea1aaec\" data-element_type=\"column\" data-e-type=\"column\">\n\t\t\t<div class=\"elementor-widget-wrap elementor-element-populated\">\n\t\t\t\t\t\t\t<\/div>\n\t\t<\/div>\n\t\t\t\t\t<\/div>\n\t\t<\/section>\n\t\t\t\t<section class=\"elementor-section elementor-top-section elementor-element elementor-element-1f87e99e elementor-section-full_width elementor-section-height-default elementor-section-height-default\" data-id=\"1f87e99e\" data-element_type=\"section\" data-e-type=\"section\" data-settings=\"{&quot;jet_parallax_layout_list&quot;:[{&quot;jet_parallax_layout_image&quot;:{&quot;url&quot;:&quot;&quot;,&quot;id&quot;:&quot;&quot;,&quot;size&quot;:&quot;&quot;},&quot;_id&quot;:&quot;023c89a&quot;,&quot;jet_parallax_layout_image_tablet&quot;:{&quot;url&quot;:&quot;&quot;,&quot;id&quot;:&quot;&quot;,&quot;size&quot;:&quot;&quot;},&quot;jet_parallax_layout_image_mobile&quot;:{&quot;url&quot;:&quot;&quot;,&quot;id&quot;:&quot;&quot;,&quot;size&quot;:&quot;&quot;},&quot;jet_parallax_layout_speed&quot;:{&quot;unit&quot;:&quot;%&quot;,&quot;size&quot;:50,&quot;sizes&quot;:[]},&quot;jet_parallax_layout_type&quot;:&quot;scroll&quot;,&quot;jet_parallax_layout_direction&quot;:&quot;1&quot;,&quot;jet_parallax_layout_fx_direction&quot;:null,&quot;jet_parallax_layout_z_index&quot;:&quot;&quot;,&quot;jet_parallax_layout_bg_x&quot;:50,&quot;jet_parallax_layout_bg_x_tablet&quot;:&quot;&quot;,&quot;jet_parallax_layout_bg_x_mobile&quot;:&quot;&quot;,&quot;jet_parallax_layout_bg_y&quot;:50,&quot;jet_parallax_layout_bg_y_tablet&quot;:&quot;&quot;,&quot;jet_parallax_layout_bg_y_mobile&quot;:&quot;&quot;,&quot;jet_parallax_layout_bg_size&quot;:&quot;auto&quot;,&quot;jet_parallax_layout_bg_size_tablet&quot;:&quot;&quot;,&quot;jet_parallax_layout_bg_size_mobile&quot;:&quot;&quot;,&quot;jet_parallax_layout_animation_prop&quot;:&quot;transform&quot;,&quot;jet_parallax_layout_on&quot;:[&quot;desktop&quot;,&quot;tablet&quot;]}]}\">\n\t\t\t\t\t\t<div class=\"elementor-container elementor-column-gap-no\">\n\t\t\t\t\t<div class=\"elementor-column elementor-col-100 elementor-top-column elementor-element elementor-element-900ee3a\" data-id=\"900ee3a\" data-element_type=\"column\" data-e-type=\"column\">\n\t\t\t<div class=\"elementor-widget-wrap elementor-element-populated\">\n\t\t\t\t\t\t<div class=\"elementor-element elementor-element-ebd6b51 heading-offset elementor-widget elementor-widget-heading\" data-id=\"ebd6b51\" data-element_type=\"widget\" data-e-type=\"widget\" data-widget_type=\"heading.default\">\n\t\t\t\t<div class=\"elementor-widget-container\">\n\t\t\t\t\t<h2 class=\"elementor-heading-title elementor-size-default\">Perspectivas e Tend\u00eancias<\/h2>\t\t\t\t<\/div>\n\t\t\t\t<\/div>\n\t\t\t\t<div class=\"elementor-element elementor-element-2f6002e5 carousel carousel-image-left bt-1 bb-1 elementor-widget elementor-widget-jet-posts\" data-id=\"2f6002e5\" data-element_type=\"widget\" data-e-type=\"widget\" data-settings=\"{&quot;columns&quot;:&quot;1&quot;}\" data-widget_type=\"jet-posts.default\">\n\t\t\t\t<div class=\"elementor-widget-container\">\n\t\t\t\t\t<div class=\"elementor-jet-posts jet-elements\"><div class=\"jet-carousel elementor-slick-slider\" data-slider_options=\"{&quot;autoplaySpeed&quot;:5000,&quot;autoplay&quot;:true,&quot;infinite&quot;:true,&quot;pauseOnHover&quot;:false,&quot;speed&quot;:500,&quot;arrows&quot;:true,&quot;dots&quot;:true,&quot;slidesToScroll&quot;:1,&quot;prevArrow&quot;:&quot;.jet-posts__prev-arrow-2f6002e5&quot;,&quot;nextArrow&quot;:&quot;.jet-posts__next-arrow-2f6002e5&quot;,&quot;rtl&quot;:false,&quot;fade&quot;:false}\" dir=\"ltr\"><div class=\"jet-posts col-row  jet-equal-cols\"><div class=\"jet-posts__prev-arrow-2f6002e5 jet-arrow prev-arrow\"><i aria-hidden=\"true\" class=\"fas fa-arrow-left\"><\/i><\/div><div class=\"jet-posts__next-arrow-2f6002e5 jet-arrow next-arrow\"><i aria-hidden=\"true\" class=\"fas fa-arrow-right\"><\/i><\/div><div class=\"jet-posts__item\">\n\t<div class=\"jet-posts__inner-box\"><div class=\"post-thumbnail\"><a href=\"https:\/\/www.bibliotheca.com\/pt-br\/webinar-acessibilidade-em-acao-construindo-experiencias-autonomas-inclusivas-e-acessiveis-nas-bibliotecas\/\" class=\"post-thumbnail__link\"><img loading=\"lazy\" decoding=\"async\" class=\"post-thumbnail__img wp-post-image\" src=\"https:\/\/www.bibliotheca.com\/wp-content\/uploads\/EMAIL-1.png\" alt=\"Webinar: Acessibilidade em a\u00e7\u00e3o - Construindo experi\u00eancias auton\u00f4mas, inclusivas e acess\u00edveis nas bibliotecas\" loading=\"lazy\" width=\"1600\" height=\"900\" title=\"\"><\/a><\/div><div class=\"jet-posts__terms\"><a href=\"https:\/\/www.bibliotheca.com\/pt-br\/category\/blog\/\" class=\"jet-posts__terms-link\">Blog<\/a><\/div><div class=\"jet-posts__inner-content\"><h4 class=\"entry-title\"><a href=\"https:\/\/www.bibliotheca.com\/pt-br\/webinar-acessibilidade-em-acao-construindo-experiencias-autonomas-inclusivas-e-acessiveis-nas-bibliotecas\/\" target=\"\">Webinar: Acessibilidade em a\u00e7\u00e3o - Construindo experi\u00eancias auton\u00f4mas, inclusivas e acess\u00edveis nas bibliotecas<\/a><\/h4><div class=\"entry-excerpt\">Assista ao webinar sobre os novos recursos de acessibilidade nas solu\u00e7\u00f5es da Bibliotheca e descubra como transformar a sua biblioteca.<\/div><div class=\"jet-more-wrap\"><a href=\"https:\/\/www.bibliotheca.com\/pt-br\/webinar-acessibilidade-em-acao-construindo-experiencias-autonomas-inclusivas-e-acessiveis-nas-bibliotecas\/\" class=\"btn btn-primary elementor-button elementor-size-md jet-more\" target=\"\"><span class=\"btn__text\">Saber mais<\/span><\/a><\/div><\/div><\/div>\n<\/div>\n<div class=\"jet-posts__item\">\n\t<div class=\"jet-posts__inner-box\"><div class=\"post-thumbnail\"><a href=\"https:\/\/www.bibliotheca.com\/pt-br\/biblioteca-inclusiva-acessivel\/\" class=\"post-thumbnail__link\"><img loading=\"lazy\" decoding=\"async\" class=\"post-thumbnail__img wp-post-image\" src=\"https:\/\/www.bibliotheca.com\/wp-content\/uploads\/autoatendimento_com_acessibilidade.webp\" alt=\"Sua biblioteca \u00e9 inclusiva e acess\u00edvel para todos?\" loading=\"lazy\" width=\"2000\" height=\"1248\" title=\"\"><\/a><\/div><div class=\"jet-posts__terms\"><a href=\"https:\/\/www.bibliotheca.com\/pt-br\/category\/blog\/\" class=\"jet-posts__terms-link\">Blog<\/a><\/div><div class=\"jet-posts__inner-content\"><h4 class=\"entry-title\"><a href=\"https:\/\/www.bibliotheca.com\/pt-br\/biblioteca-inclusiva-acessivel\/\" target=\"\">Sua biblioteca \u00e9 inclusiva e acess\u00edvel para todos?<\/a><\/h4><div class=\"entry-excerpt\">Entenda por que a acessibilidade \u00e9 essencial para bibliotecas e como tecnologias de autoatendimento ajudam a ampliar o acesso aos&hellip;<\/div><div class=\"jet-more-wrap\"><a href=\"https:\/\/www.bibliotheca.com\/pt-br\/biblioteca-inclusiva-acessivel\/\" class=\"btn btn-primary elementor-button elementor-size-md jet-more\" target=\"\"><span class=\"btn__text\">Saber mais<\/span><\/a><\/div><\/div><\/div>\n<\/div>\n<div class=\"jet-posts__item\">\n\t<div class=\"jet-posts__inner-box\"><div class=\"post-thumbnail\"><a href=\"https:\/\/www.bibliotheca.com\/pt-br\/bibliotheca-adiciona-insights-de-ia-e-aplicativo-movel-a-plataforma-de-gerenciamento-de-bibliotecas\/\" class=\"post-thumbnail__link\"><img loading=\"lazy\" decoding=\"async\" class=\"post-thumbnail__img wp-post-image\" src=\"https:\/\/www.bibliotheca.com\/wp-content\/uploads\/libraryConnect-LINK_Banner-scaled.jpg\" alt=\"Bibliotheca adiciona insights de IA e aplicativo m\u00f3vel \u00e0 plataforma de gest\u00e3o de bibliotecas\" loading=\"lazy\" width=\"2560\" height=\"1600\" title=\"\"><\/a><\/div><div class=\"jet-posts__terms\"><a href=\"https:\/\/www.bibliotheca.com\/pt-br\/category\/blog\/\" class=\"jet-posts__terms-link\">Blog<\/a><\/div><div class=\"jet-posts__inner-content\"><h4 class=\"entry-title\"><a href=\"https:\/\/www.bibliotheca.com\/pt-br\/bibliotheca-adiciona-insights-de-ia-e-aplicativo-movel-a-plataforma-de-gerenciamento-de-bibliotecas\/\" target=\"\">Bibliotheca adiciona insights de IA e aplicativo m\u00f3vel \u00e0 plataforma de gest\u00e3o de bibliotecas<\/a><\/h4><div class=\"entry-excerpt\">O novo aplicativo LINK e os insights de IA ampliam a forma como as bibliotecas monitoram sistemas, resolvem problemas e&hellip;<\/div><div class=\"jet-more-wrap\"><a href=\"https:\/\/www.bibliotheca.com\/pt-br\/bibliotheca-adiciona-insights-de-ia-e-aplicativo-movel-a-plataforma-de-gerenciamento-de-bibliotecas\/\" class=\"btn btn-primary elementor-button elementor-size-md jet-more\" target=\"\"><span class=\"btn__text\">Saber mais<\/span><\/a><\/div><\/div><\/div>\n<\/div>\n<\/div>\n<\/div><\/div>\t\t\t\t<\/div>\n\t\t\t\t<\/div>\n\t\t\t\t<div class=\"elementor-element elementor-element-aedad2d elementor-widget elementor-widget-spacer\" data-id=\"aedad2d\" data-element_type=\"widget\" data-e-type=\"widget\" data-widget_type=\"spacer.default\">\n\t\t\t\t<div class=\"elementor-widget-container\">\n\t\t\t\t\t\t\t<div class=\"elementor-spacer\">\n\t\t\t<div class=\"elementor-spacer-inner\"><\/div>\n\t\t<\/div>\n\t\t\t\t\t\t<\/div>\n\t\t\t\t<\/div>\n\t\t\t\t\t<\/div>\n\t\t<\/div>\n\t\t\t\t\t<\/div>\n\t\t<\/section>\n\t\t\t\t<\/div>\n\t\t","protected":false},"excerpt":{"rendered":"<p>Com inova\u00e7\u00e3o e tecnologia, a Bibliotheca refor\u00e7ou na Reditec 2025 seu compromisso com a moderniza\u00e7\u00e3o e efici\u00eancia das bibliotecas.<\/p>\n","protected":false},"author":29,"featured_media":103948,"comment_status":"closed","ping_status":"closed","sticky":false,"template":"","format":"standard","meta":{"content-type":"","footnotes":""},"categories":[205,303],"tags":[],"class_list":["post-103947","post","type-post","status-publish","format-standard","has-post-thumbnail","hentry","category-blog","category-events"],"_links":{"self":[{"href":"https:\/\/www.bibliotheca.com\/pt-br\/wp-json\/wp\/v2\/posts\/103947","targetHints":{"allow":["GET"]}}],"collection":[{"href":"https:\/\/www.bibliotheca.com\/pt-br\/wp-json\/wp\/v2\/posts"}],"about":[{"href":"https:\/\/www.bibliotheca.com\/pt-br\/wp-json\/wp\/v2\/types\/post"}],"author":[{"embeddable":true,"href":"https:\/\/www.bibliotheca.com\/pt-br\/wp-json\/wp\/v2\/users\/29"}],"replies":[{"embeddable":true,"href":"https:\/\/www.bibliotheca.com\/pt-br\/wp-json\/wp\/v2\/comments?post=103947"}],"version-history":[{"count":0,"href":"https:\/\/www.bibliotheca.com\/pt-br\/wp-json\/wp\/v2\/posts\/103947\/revisions"}],"wp:featuredmedia":[{"embeddable":true,"href":"https:\/\/www.bibliotheca.com\/pt-br\/wp-json\/wp\/v2\/media\/103948"}],"wp:attachment":[{"href":"https:\/\/www.bibliotheca.com\/pt-br\/wp-json\/wp\/v2\/media?parent=103947"}],"wp:term":[{"taxonomy":"category","embeddable":true,"href":"https:\/\/www.bibliotheca.com\/pt-br\/wp-json\/wp\/v2\/categories?post=103947"},{"taxonomy":"post_tag","embeddable":true,"href":"https:\/\/www.bibliotheca.com\/pt-br\/wp-json\/wp\/v2\/tags?post=103947"}],"curies":[{"name":"wp","href":"https:\/\/api.w.org\/{rel}","templated":true}]}}